{"id":74651,"date":"2021-09-13T12:10:19","date_gmt":"2021-09-13T15:10:19","guid":{"rendered":"https:\/\/blogdoedvaldomagalhaes.com.br\/?p=74651"},"modified":"2021-09-13T12:15:59","modified_gmt":"2021-09-13T15:15:59","slug":"vereador-irmao-ronaldo-se-reune-com-secretario-ytalo-farias-e-faz-varias-reivindicacoes","status":"publish","type":"post","link":"https:\/\/blogdoedvaldomagalhaes.com.br\/index.php\/2021\/09\/13\/vereador-irmao-ronaldo-se-reune-com-secretario-ytalo-farias-e-faz-varias-reivindicacoes\/","title":{"rendered":"Vereador Irm\u00e3o Ronaldo se re\u00fane com secret\u00e1rio Ytalo Farias e faz v\u00e1rias reivindica\u00e7\u00f5es"},"content":{"rendered":"<p style=\"text-align: justify;\">O vereador Irm\u00e3o Ronaldo, se reuniu com o secret\u00e1rio de Servi\u00e7os P\u00fablicos de Caruaru, Ytalo Farias, cobrando e reivindicando melhorias para a popula\u00e7\u00e3o caruaruense, os pedidos foram de troca de l\u00e2mpadas, limpeza, retirada de entulhos e capina\u00e7\u00e3o, entre outras solicita\u00e7\u00f5es no munic\u00edpio.<\/p>\n<p style=\"text-align: justify;\"><b>Requerimentos apresentados de autoria do vereador Irm\u00e3o Ronaldo<\/b><\/p>\n<p style=\"text-align: justify;\"><a href=\"http:\/\/sapl.caruaru.pe.leg.br\/materia\/21378\"><span style=\"font-weight: 400;\">REQUERIMENTO n\u00ba 3364 de 2021<\/span><\/a> <span style=\"font-weight: 400;\">Para que envidem esfor\u00e7os no sentido de fazer a Retirada de Entulhos e a Capina\u00e7\u00e3o nos terrenos de \u00e1rea verde que ficam localizados na Avenida Dom Ant\u00f4nio Soares da Costa, por tr\u00e1s da Paroquia Sagrada Fam\u00edlia e por tr\u00e1s da Igreja de Deus no Brasil, bairro Jos\u00e9 Carlos de Oliveira.<\/span><\/p>\n<p style=\"text-align: justify;\"><a href=\"http:\/\/sapl.caruaru.pe.leg.br\/materia\/21379\"><span style=\"font-weight: 400;\">REQUERIMENTO n\u00ba 3365 de 2021<\/span><\/a> <span style=\"font-weight: 400;\">Para que envidem esfor\u00e7os no sentido de fazer a Retirada de Entulhos na Rua 2\u00aa Travessa Airton Senna da Silva, Jardim Boa Vista.<\/span><\/p>\n<p style=\"text-align: justify;\"><a href=\"http:\/\/sapl.caruaru.pe.leg.br\/materia\/21380\"><span style=\"font-weight: 400;\">REQUERIMENTO n\u00ba 3366 de 2021<\/span><\/a> <span style=\"font-weight: 400;\">Para que envidem esfor\u00e7os no sentido de fazer a Retirada de Entulhos na Rua do Convento, bairro Divin\u00f3polis.<\/span><\/p>\n<p style=\"text-align: justify;\"><span style=\"font-weight: 400;\">REQUERIMENTO n\u00ba\u00a0 Para que envidem esfor\u00e7os no sentido de o servi\u00e7o de Tapa Buracos na Rua Professor Vicente Monteiro, bairro Centen\u00e1rio.<\/span><\/p>\n<p style=\"text-align: justify;\"><span style=\"font-weight: 400;\">REQUERIMENTO n\u00ba\u00a0 Para que envidem esfor\u00e7os no sentido de fazer a Capina\u00e7\u00e3o nos Canteiros da Avenida Caruaru sentido bairro Jos\u00e9 Carlos de Oliveira.<\/span><\/p>\n","protected":false},"excerpt":{"rendered":"<p>O vereador Irm\u00e3o Ronaldo, se reuniu com o secret\u00e1rio de Servi\u00e7os P\u00fablicos de Caruaru, Ytalo Farias, cobrando e reivindicando melhorias&hellip;<\/p>\n","protected":false},"author":1,"featured_media":74652,"comment_status":"open","ping_status":"open","sticky":false,"template":"","format":"standard","meta":{"footnotes":""},"categories":[14122],"tags":[2,19532,3406,20,22774],"class_list":["post-74651","post","type-post","status-publish","format-standard","has-post-thumbnail","hentry","category-politica","tag-blog-do-edvaldo-magalhaes","tag-blog-mais-acessado-e-visualizado-de-caruaru-e-regiao","tag-caruaru","tag-politica","tag-vereador-irmao-ronaldo-se-reune-com-secretario-ytalo-farias-e-faz-varias-reivindicacoes"],"_links":{"self":[{"href":"https:\/\/blogdoedvaldomagalhaes.com.br\/index.php\/wp-json\/wp\/v2\/posts\/74651","targetHints":{"allow":["GET"]}}],"collection":[{"href":"https:\/\/blogdoedvaldomagalhaes.com.br\/index.php\/wp-json\/wp\/v2\/posts"}],"about":[{"href":"https:\/\/blogdoedvaldomagalhaes.com.br\/index.php\/wp-json\/wp\/v2\/types\/post"}],"author":[{"embeddable":true,"href":"https:\/\/blogdoedvaldomagalhaes.com.br\/index.php\/wp-json\/wp\/v2\/users\/1"}],"replies":[{"embeddable":true,"href":"https:\/\/blogdoedvaldomagalhaes.com.br\/index.php\/wp-json\/wp\/v2\/comments?post=74651"}],"version-history":[{"count":2,"href":"https:\/\/blogdoedvaldomagalhaes.com.br\/index.php\/wp-json\/wp\/v2\/posts\/74651\/revisions"}],"predecessor-version":[{"id":74655,"href":"https:\/\/blogdoedvaldomagalhaes.com.br\/index.php\/wp-json\/wp\/v2\/posts\/74651\/revisions\/74655"}],"wp:featuredmedia":[{"embeddable":true,"href":"https:\/\/blogdoedvaldomagalhaes.com.br\/index.php\/wp-json\/wp\/v2\/media\/74652"}],"wp:attachment":[{"href":"https:\/\/blogdoedvaldomagalhaes.com.br\/index.php\/wp-json\/wp\/v2\/media?parent=74651"}],"wp:term":[{"taxonomy":"category","embeddable":true,"href":"https:\/\/blogdoedvaldomagalhaes.com.br\/index.php\/wp-json\/wp\/v2\/categories?post=74651"},{"taxonomy":"post_tag","embeddable":true,"href":"https:\/\/blogdoedvaldomagalhaes.com.br\/index.php\/wp-json\/wp\/v2\/tags?post=74651"}],"curies":[{"name":"wp","href":"https:\/\/api.w.org\/{rel}","templated":true}]}}