{"id":74642,"date":"2021-09-13T11:24:07","date_gmt":"2021-09-13T14:24:07","guid":{"rendered":"https:\/\/blogdoedvaldomagalhaes.com.br\/?p=74642"},"modified":"2021-09-13T12:12:11","modified_gmt":"2021-09-13T15:12:11","slug":"presidente-da-associacao-dos-sulanqueiros-de-caruaru-aprova-mudanca-no-estacionamento-da-viuva","status":"publish","type":"post","link":"https:\/\/blogdoedvaldomagalhaes.com.br\/index.php\/2021\/09\/13\/presidente-da-associacao-dos-sulanqueiros-de-caruaru-aprova-mudanca-no-estacionamento-da-viuva\/","title":{"rendered":"Presidente da Associa\u00e7\u00e3o dos Sulanqueiros de Caruaru aprova mudan\u00e7a no &#8220;Estacionamento da Vi\u00fava&#8221;"},"content":{"rendered":"<p style=\"text-align: justify;\">O presidente da Associa\u00e7\u00e3o dos Sulanqueiros de Caruaru, Pedro Moura, aprovou a mudan\u00e7a no &#8220;Estacionamento da Vi\u00fava&#8221;, localizado no Parque 18 de Maio, durante a Feira da Sulanca.<\/p>\n<p style=\"text-align: justify;\">A Secretaria de Servi\u00e7os P\u00fablicos e a Autarquia de Mobilidade, Tr\u00e2nsito e Transportes de Caruaru (AMTTC), iniciaram a mudan\u00e7a nesse domingo (12), a partir de agora, o local fica exclusivo para excursionistas (\u00f4nibus e vans) e caminh\u00e3o de carga e descarga nos dias de Feira da Sulanca.<\/p>\n<p style=\"text-align: justify;\">&#8220;Atitude louv\u00e1vel por parte da prefeitura de Caruaru, pois era um desejo antigo da categoria, aja vista que os donos de excurs\u00f5es reclamavam que n\u00e3o tinham um local exclusivo para eles desembarcarem os compradores. Eles estacionavam nas ruas e avenidas do bairro Petr\u00f3polis. O local \u00e9 estrat\u00e9gico, e a prefeitura est\u00e1 dando todas as condi\u00e7\u00f5es&#8221; afirmou Pedro Moura.<\/p>\n","protected":false},"excerpt":{"rendered":"<p>O presidente da Associa\u00e7\u00e3o dos Sulanqueiros de Caruaru, Pedro Moura, aprovou a mudan\u00e7a no &#8220;Estacionamento da Vi\u00fava&#8221;, localizado no Parque&hellip;<\/p>\n","protected":false},"author":1,"featured_media":74643,"comment_status":"open","ping_status":"open","sticky":false,"template":"","format":"standard","meta":{"footnotes":""},"categories":[14120],"tags":[2,19532,3406,4776,22773],"class_list":["post-74642","post","type-post","status-publish","format-standard","has-post-thumbnail","hentry","category-noticias","tag-blog-do-edvaldo-magalhaes","tag-blog-mais-acessado-e-visualizado-de-caruaru-e-regiao","tag-caruaru","tag-feira-da-sulanca","tag-presidente-da-associacao-dos-sulanqueiros-de-caruaru-aprova-mudanca-no-estacionamento-da-viuva"],"_links":{"self":[{"href":"https:\/\/blogdoedvaldomagalhaes.com.br\/index.php\/wp-json\/wp\/v2\/posts\/74642","targetHints":{"allow":["GET"]}}],"collection":[{"href":"https:\/\/blogdoedvaldomagalhaes.com.br\/index.php\/wp-json\/wp\/v2\/posts"}],"about":[{"href":"https:\/\/blogdoedvaldomagalhaes.com.br\/index.php\/wp-json\/wp\/v2\/types\/post"}],"author":[{"embeddable":true,"href":"https:\/\/blogdoedvaldomagalhaes.com.br\/index.php\/wp-json\/wp\/v2\/users\/1"}],"replies":[{"embeddable":true,"href":"https:\/\/blogdoedvaldomagalhaes.com.br\/index.php\/wp-json\/wp\/v2\/comments?post=74642"}],"version-history":[{"count":5,"href":"https:\/\/blogdoedvaldomagalhaes.com.br\/index.php\/wp-json\/wp\/v2\/posts\/74642\/revisions"}],"predecessor-version":[{"id":74654,"href":"https:\/\/blogdoedvaldomagalhaes.com.br\/index.php\/wp-json\/wp\/v2\/posts\/74642\/revisions\/74654"}],"wp:featuredmedia":[{"embeddable":true,"href":"https:\/\/blogdoedvaldomagalhaes.com.br\/index.php\/wp-json\/wp\/v2\/media\/74643"}],"wp:attachment":[{"href":"https:\/\/blogdoedvaldomagalhaes.com.br\/index.php\/wp-json\/wp\/v2\/media?parent=74642"}],"wp:term":[{"taxonomy":"category","embeddable":true,"href":"https:\/\/blogdoedvaldomagalhaes.com.br\/index.php\/wp-json\/wp\/v2\/categories?post=74642"},{"taxonomy":"post_tag","embeddable":true,"href":"https:\/\/blogdoedvaldomagalhaes.com.br\/index.php\/wp-json\/wp\/v2\/tags?post=74642"}],"curies":[{"name":"wp","href":"https:\/\/api.w.org\/{rel}","templated":true}]}}