{"id":74635,"date":"2021-09-12T19:58:19","date_gmt":"2021-09-12T22:58:19","guid":{"rendered":"https:\/\/blogdoedvaldomagalhaes.com.br\/?p=74635"},"modified":"2021-09-12T19:58:20","modified_gmt":"2021-09-12T22:58:20","slug":"raquel-lyra-participa-de-programacao-de-aniversario-de-cidades-governadas-pelo-psdb","status":"publish","type":"post","link":"https:\/\/blogdoedvaldomagalhaes.com.br\/index.php\/2021\/09\/12\/raquel-lyra-participa-de-programacao-de-aniversario-de-cidades-governadas-pelo-psdb\/","title":{"rendered":"Raquel Lyra participa de programa\u00e7\u00e3o de anivers\u00e1rio de  cidades governadas pelo PSDB"},"content":{"rendered":"<p style=\"text-align: justify;\">A presidente do PSDB Pernambuco, Raquel Lyra, marcou presen\u00e7a neste s\u00e1bado, 11 de setembro, nas comemora\u00e7\u00f5es dos 93 anos de emancipa\u00e7\u00e3o de S\u00e3o Joaquim do Monte e Vertentes, cidades do Agreste administradas pelos tucanos Duguinha Lins e Romero Leal, respectivamente.\u201dOs desafios s\u00e3o muitos, mas a gest\u00e3o dos nossos prefeitos faz a diferen\u00e7a nessas cidades com trabalho e a\u00e7\u00f5es que transformam a vida da popula\u00e7\u00e3o por meio da educa\u00e7\u00e3o, sa\u00fade, assist\u00eancia social e infraestrutura\u201d, ressaltou Raquel.<br \/><br \/><br \/>Para celebrar a data, a Prefeitura de S\u00e3o Joaquim do Monte realizou a solenidade de hasteamento da bandeira, inaugurou o Centro Esportivo Carlos Henrique de Oliveira Lins, entregou ambul\u00e2ncia e retroescavadeira novas para a melhoria dos servi\u00e7os p\u00fablicos e estreou a Copa Municipal de Futebol no Est\u00e1dio Tenor\u00e3o.<br \/><br \/>Em Vertentes, a gest\u00e3o inaugurou o Hospital Municipal Evaristo Ferreira Filho, que possui 50 leitos de interna\u00e7\u00e3o, um bloco cir\u00fargico com a capacidade de executar 300 procedimentos por m\u00eas e centro ambulatorial especializado multidisciplinar que pode atender at\u00e9 2 mil pessoas por m\u00eas. A deputada Alessandra Vieira (PSDB) \u00a0e os ex-prefeitos Edson Vieira (Santa Cruz do Capibaribe) e Jo\u00e3ozinho Ten\u00f3rio (S\u00e3o Joaquim do Monte) tamb\u00e9m estiveram presentes.<br \/><br \/><b>MATA SUL &#8211;\u00a0<\/b>Catende, na Zona da Mata Sul, tamb\u00e9m festejou 93 anos com a revitaliza\u00e7\u00e3o da sede da prefeitura, entregue pela prefeita Dona Gra\u00e7a (PSDB) e desfile c\u00edvico com bandas marciais.<\/p>\n\n\n<figure class=\"wp-block-image size-large\"><img loading=\"lazy\" decoding=\"async\" width=\"1024\" height=\"766\" src=\"https:\/\/blogdoedvaldomagalhaes.com.br\/wp-content\/uploads\/2021\/09\/WhatsApp-Image-2021-09-11-at-16.50.41-1-1024x766.jpeg\" alt=\"\" class=\"wp-image-74637\" srcset=\"https:\/\/blogdoedvaldomagalhaes.com.br\/wp-content\/uploads\/2021\/09\/WhatsApp-Image-2021-09-11-at-16.50.41-1-1024x766.jpeg 1024w, https:\/\/blogdoedvaldomagalhaes.com.br\/wp-content\/uploads\/2021\/09\/WhatsApp-Image-2021-09-11-at-16.50.41-1-300x225.jpeg 300w, https:\/\/blogdoedvaldomagalhaes.com.br\/wp-content\/uploads\/2021\/09\/WhatsApp-Image-2021-09-11-at-16.50.41-1-768x575.jpeg 768w, https:\/\/blogdoedvaldomagalhaes.com.br\/wp-content\/uploads\/2021\/09\/WhatsApp-Image-2021-09-11-at-16.50.41-1-160x120.jpeg 160w, https:\/\/blogdoedvaldomagalhaes.com.br\/wp-content\/uploads\/2021\/09\/WhatsApp-Image-2021-09-11-at-16.50.41-1.jpeg 1280w\" sizes=\"auto, (max-width: 1024px) 100vw, 1024px\" \/><\/figure>\n\n\n\n<figure class=\"wp-block-image size-large\"><img loading=\"lazy\" decoding=\"async\" width=\"1024\" height=\"766\" src=\"https:\/\/blogdoedvaldomagalhaes.com.br\/wp-content\/uploads\/2021\/09\/WhatsApp-Image-2021-09-11-at-13.51.08-1024x766.jpeg\" alt=\"\" class=\"wp-image-74638\" srcset=\"https:\/\/blogdoedvaldomagalhaes.com.br\/wp-content\/uploads\/2021\/09\/WhatsApp-Image-2021-09-11-at-13.51.08-1024x766.jpeg 1024w, https:\/\/blogdoedvaldomagalhaes.com.br\/wp-content\/uploads\/2021\/09\/WhatsApp-Image-2021-09-11-at-13.51.08-300x225.jpeg 300w, https:\/\/blogdoedvaldomagalhaes.com.br\/wp-content\/uploads\/2021\/09\/WhatsApp-Image-2021-09-11-at-13.51.08-768x575.jpeg 768w, https:\/\/blogdoedvaldomagalhaes.com.br\/wp-content\/uploads\/2021\/09\/WhatsApp-Image-2021-09-11-at-13.51.08-160x120.jpeg 160w, https:\/\/blogdoedvaldomagalhaes.com.br\/wp-content\/uploads\/2021\/09\/WhatsApp-Image-2021-09-11-at-13.51.08.jpeg 1280w\" sizes=\"auto, (max-width: 1024px) 100vw, 1024px\" \/><figcaption>Fotos: PSDB\/Divulga\u00e7\u00e3o<\/figcaption><\/figure>\n","protected":false},"excerpt":{"rendered":"<p>A presidente do PSDB Pernambuco, Raquel Lyra, marcou presen\u00e7a neste s\u00e1bado, 11 de setembro, nas comemora\u00e7\u00f5es dos 93 anos de&hellip;<\/p>\n","protected":false},"author":1,"featured_media":74636,"comment_status":"open","ping_status":"open","sticky":false,"template":"","format":"standard","meta":{"footnotes":""},"categories":[14122],"tags":[2,19532,3406],"class_list":["post-74635","post","type-post","status-publish","format-standard","has-post-thumbnail","hentry","category-politica","tag-blog-do-edvaldo-magalhaes","tag-blog-mais-acessado-e-visualizado-de-caruaru-e-regiao","tag-caruaru"],"_links":{"self":[{"href":"https:\/\/blogdoedvaldomagalhaes.com.br\/index.php\/wp-json\/wp\/v2\/posts\/74635","targetHints":{"allow":["GET"]}}],"collection":[{"href":"https:\/\/blogdoedvaldomagalhaes.com.br\/index.php\/wp-json\/wp\/v2\/posts"}],"about":[{"href":"https:\/\/blogdoedvaldomagalhaes.com.br\/index.php\/wp-json\/wp\/v2\/types\/post"}],"author":[{"embeddable":true,"href":"https:\/\/blogdoedvaldomagalhaes.com.br\/index.php\/wp-json\/wp\/v2\/users\/1"}],"replies":[{"embeddable":true,"href":"https:\/\/blogdoedvaldomagalhaes.com.br\/index.php\/wp-json\/wp\/v2\/comments?post=74635"}],"version-history":[{"count":1,"href":"https:\/\/blogdoedvaldomagalhaes.com.br\/index.php\/wp-json\/wp\/v2\/posts\/74635\/revisions"}],"predecessor-version":[{"id":74639,"href":"https:\/\/blogdoedvaldomagalhaes.com.br\/index.php\/wp-json\/wp\/v2\/posts\/74635\/revisions\/74639"}],"wp:featuredmedia":[{"embeddable":true,"href":"https:\/\/blogdoedvaldomagalhaes.com.br\/index.php\/wp-json\/wp\/v2\/media\/74636"}],"wp:attachment":[{"href":"https:\/\/blogdoedvaldomagalhaes.com.br\/index.php\/wp-json\/wp\/v2\/media?parent=74635"}],"wp:term":[{"taxonomy":"category","embeddable":true,"href":"https:\/\/blogdoedvaldomagalhaes.com.br\/index.php\/wp-json\/wp\/v2\/categories?post=74635"},{"taxonomy":"post_tag","embeddable":true,"href":"https:\/\/blogdoedvaldomagalhaes.com.br\/index.php\/wp-json\/wp\/v2\/tags?post=74635"}],"curies":[{"name":"wp","href":"https:\/\/api.w.org\/{rel}","templated":true}]}}