{"id":74629,"date":"2021-09-12T19:21:10","date_gmt":"2021-09-12T22:21:10","guid":{"rendered":"https:\/\/blogdoedvaldomagalhaes.com.br\/?p=74629"},"modified":"2021-09-12T19:21:11","modified_gmt":"2021-09-12T22:21:11","slug":"amttc-realiza-mudanca-na-sinalizacao-e-sentido-de-vias-no-bairro-boa-vista","status":"publish","type":"post","link":"https:\/\/blogdoedvaldomagalhaes.com.br\/index.php\/2021\/09\/12\/amttc-realiza-mudanca-na-sinalizacao-e-sentido-de-vias-no-bairro-boa-vista\/","title":{"rendered":"AMTTC realiza mudan\u00e7a na sinaliza\u00e7\u00e3o e sentido de vias no Bairro Boa Vista"},"content":{"rendered":"<p style=\"text-align: justify;\"><span style=\"font-size: inherit;\">A Autarquia de Mobilidade, Tr\u00e2nsito e Transportes de Caruaru (AMTTC), informa que, a partir desta pr\u00f3xima semana, haver\u00e1 mudan\u00e7a na sinaliza\u00e7\u00e3o e sentido de vias no Bairro Boa Vista. A interven\u00e7\u00e3o ser\u00e1 na Rua Banc\u00e1rio Marc\u00edlio Fernandes e nas vias que se conectam a ela.<\/span><\/p>\n<p style=\"text-align: justify;\">\u201cA modifica\u00e7\u00e3o tem como objetivo dar maior fluidez ao tr\u00e1fego de ve\u00edculos que transitam no bairro, melhorando a mobilidade da regi\u00e3o\u201d, pontuou o secret\u00e1rio executivo da AMTTC, Matheus Freitas.<\/p>\n","protected":false},"excerpt":{"rendered":"<p>A Autarquia de Mobilidade, Tr\u00e2nsito e Transportes de Caruaru (AMTTC), informa que, a partir desta pr\u00f3xima semana, haver\u00e1 mudan\u00e7a na&hellip;<\/p>\n","protected":false},"author":1,"featured_media":74630,"comment_status":"open","ping_status":"open","sticky":false,"template":"","format":"standard","meta":{"footnotes":""},"categories":[14120],"tags":[22770,2,19532,3406],"class_list":["post-74629","post","type-post","status-publish","format-standard","has-post-thumbnail","hentry","category-noticias","tag-amttc-realiza-mudanca-na-sinalizacao-e-sentido-de-vias-no-bairro-boa-vista","tag-blog-do-edvaldo-magalhaes","tag-blog-mais-acessado-e-visualizado-de-caruaru-e-regiao","tag-caruaru"],"_links":{"self":[{"href":"https:\/\/blogdoedvaldomagalhaes.com.br\/index.php\/wp-json\/wp\/v2\/posts\/74629","targetHints":{"allow":["GET"]}}],"collection":[{"href":"https:\/\/blogdoedvaldomagalhaes.com.br\/index.php\/wp-json\/wp\/v2\/posts"}],"about":[{"href":"https:\/\/blogdoedvaldomagalhaes.com.br\/index.php\/wp-json\/wp\/v2\/types\/post"}],"author":[{"embeddable":true,"href":"https:\/\/blogdoedvaldomagalhaes.com.br\/index.php\/wp-json\/wp\/v2\/users\/1"}],"replies":[{"embeddable":true,"href":"https:\/\/blogdoedvaldomagalhaes.com.br\/index.php\/wp-json\/wp\/v2\/comments?post=74629"}],"version-history":[{"count":1,"href":"https:\/\/blogdoedvaldomagalhaes.com.br\/index.php\/wp-json\/wp\/v2\/posts\/74629\/revisions"}],"predecessor-version":[{"id":74631,"href":"https:\/\/blogdoedvaldomagalhaes.com.br\/index.php\/wp-json\/wp\/v2\/posts\/74629\/revisions\/74631"}],"wp:featuredmedia":[{"embeddable":true,"href":"https:\/\/blogdoedvaldomagalhaes.com.br\/index.php\/wp-json\/wp\/v2\/media\/74630"}],"wp:attachment":[{"href":"https:\/\/blogdoedvaldomagalhaes.com.br\/index.php\/wp-json\/wp\/v2\/media?parent=74629"}],"wp:term":[{"taxonomy":"category","embeddable":true,"href":"https:\/\/blogdoedvaldomagalhaes.com.br\/index.php\/wp-json\/wp\/v2\/categories?post=74629"},{"taxonomy":"post_tag","embeddable":true,"href":"https:\/\/blogdoedvaldomagalhaes.com.br\/index.php\/wp-json\/wp\/v2\/tags?post=74629"}],"curies":[{"name":"wp","href":"https:\/\/api.w.org\/{rel}","templated":true}]}}