{"id":74625,"date":"2021-09-12T19:01:08","date_gmt":"2021-09-12T22:01:08","guid":{"rendered":"https:\/\/blogdoedvaldomagalhaes.com.br\/?p=74625"},"modified":"2021-09-12T19:01:10","modified_gmt":"2021-09-12T22:01:10","slug":"furto-de-equipamentos-sem-arrombamento-no-centro-social-urbano-e-prejuizo-chega-a-35-mil-reais","status":"publish","type":"post","link":"https:\/\/blogdoedvaldomagalhaes.com.br\/index.php\/2021\/09\/12\/furto-de-equipamentos-sem-arrombamento-no-centro-social-urbano-e-prejuizo-chega-a-35-mil-reais\/","title":{"rendered":"Furto de equipamentos sem arrombamento no Centro Social Urbano e preju\u00edzo chega a 35 mil reais"},"content":{"rendered":"<p style=\"text-align: justify;\"><span style=\"font-size: inherit;\">Um dia ap\u00f3s as comemora\u00e7\u00f5es de 93 anos de emancipa\u00e7\u00e3o pol\u00edtica de Belo Jardim, o munic\u00edpio recebe a triste not\u00edcia do furto de equipamentos e m\u00e1quinas no Centro Social Urbano, localizado no bairro de S\u00e3o Pedro, ao lado da delegacia.<\/span><\/p>\n<p style=\"text-align: justify;\">N\u00e3o h\u00e1 sinais de arrombamento, mas foram furtadas 17 m\u00e1quinas de costura industrial, computadores, televis\u00e3o, impressora e o motor de duas m\u00e1quinas de costura. Os preju\u00edzos chegam a R$ 35 mil.<\/p>\n<p style=\"text-align: justify;\">A Secretaria de Assist\u00eancia Social de Belo Jardim entrou em contato com a delegacia do munic\u00edpio e as provid\u00eancias cab\u00edveis est\u00e3o sendo tomadas.<\/p>\n\n\n<figure class=\"wp-block-image size-large\"><img loading=\"lazy\" decoding=\"async\" width=\"576\" height=\"1024\" src=\"https:\/\/blogdoedvaldomagalhaes.com.br\/wp-content\/uploads\/2021\/09\/IMG-20210912-WA0175-576x1024.jpg\" alt=\"\" class=\"wp-image-74627\" srcset=\"https:\/\/blogdoedvaldomagalhaes.com.br\/wp-content\/uploads\/2021\/09\/IMG-20210912-WA0175-576x1024.jpg 576w, https:\/\/blogdoedvaldomagalhaes.com.br\/wp-content\/uploads\/2021\/09\/IMG-20210912-WA0175-169x300.jpg 169w, https:\/\/blogdoedvaldomagalhaes.com.br\/wp-content\/uploads\/2021\/09\/IMG-20210912-WA0175.jpg 720w\" sizes=\"auto, (max-width: 576px) 100vw, 576px\" \/><figcaption>Fotos: Divulga\u00e7\u00e3o<\/figcaption><\/figure>\n","protected":false},"excerpt":{"rendered":"<p>Um dia ap\u00f3s as comemora\u00e7\u00f5es de 93 anos de emancipa\u00e7\u00e3o pol\u00edtica de Belo Jardim, o munic\u00edpio recebe a triste not\u00edcia&hellip;<\/p>\n","protected":false},"author":1,"featured_media":74626,"comment_status":"open","ping_status":"open","sticky":false,"template":"","format":"standard","meta":{"footnotes":""},"categories":[14121],"tags":[4699,2,19532,3406,22769],"class_list":["post-74625","post","type-post","status-publish","format-standard","has-post-thumbnail","hentry","category-policial","tag-belo-jardim","tag-blog-do-edvaldo-magalhaes","tag-blog-mais-acessado-e-visualizado-de-caruaru-e-regiao","tag-caruaru","tag-furto-de-equipamentos-sem-arrombamento-no-centro-social-urbano-e-prejuizo-chega-a-35-mil-reais"],"_links":{"self":[{"href":"https:\/\/blogdoedvaldomagalhaes.com.br\/index.php\/wp-json\/wp\/v2\/posts\/74625","targetHints":{"allow":["GET"]}}],"collection":[{"href":"https:\/\/blogdoedvaldomagalhaes.com.br\/index.php\/wp-json\/wp\/v2\/posts"}],"about":[{"href":"https:\/\/blogdoedvaldomagalhaes.com.br\/index.php\/wp-json\/wp\/v2\/types\/post"}],"author":[{"embeddable":true,"href":"https:\/\/blogdoedvaldomagalhaes.com.br\/index.php\/wp-json\/wp\/v2\/users\/1"}],"replies":[{"embeddable":true,"href":"https:\/\/blogdoedvaldomagalhaes.com.br\/index.php\/wp-json\/wp\/v2\/comments?post=74625"}],"version-history":[{"count":1,"href":"https:\/\/blogdoedvaldomagalhaes.com.br\/index.php\/wp-json\/wp\/v2\/posts\/74625\/revisions"}],"predecessor-version":[{"id":74628,"href":"https:\/\/blogdoedvaldomagalhaes.com.br\/index.php\/wp-json\/wp\/v2\/posts\/74625\/revisions\/74628"}],"wp:featuredmedia":[{"embeddable":true,"href":"https:\/\/blogdoedvaldomagalhaes.com.br\/index.php\/wp-json\/wp\/v2\/media\/74626"}],"wp:attachment":[{"href":"https:\/\/blogdoedvaldomagalhaes.com.br\/index.php\/wp-json\/wp\/v2\/media?parent=74625"}],"wp:term":[{"taxonomy":"category","embeddable":true,"href":"https:\/\/blogdoedvaldomagalhaes.com.br\/index.php\/wp-json\/wp\/v2\/categories?post=74625"},{"taxonomy":"post_tag","embeddable":true,"href":"https:\/\/blogdoedvaldomagalhaes.com.br\/index.php\/wp-json\/wp\/v2\/tags?post=74625"}],"curies":[{"name":"wp","href":"https:\/\/api.w.org\/{rel}","templated":true}]}}