{"id":74622,"date":"2021-09-12T18:43:13","date_gmt":"2021-09-12T21:43:13","guid":{"rendered":"https:\/\/blogdoedvaldomagalhaes.com.br\/?p=74622"},"modified":"2021-09-12T18:43:14","modified_gmt":"2021-09-12T21:43:14","slug":"sismuc-regional-realiza-assembleia-com-guardas-municipais-nesta-terca-feira-14","status":"publish","type":"post","link":"https:\/\/blogdoedvaldomagalhaes.com.br\/index.php\/2021\/09\/12\/sismuc-regional-realiza-assembleia-com-guardas-municipais-nesta-terca-feira-14\/","title":{"rendered":"SISMUC Regional realiza Assembleia com Guardas Municipais nesta ter\u00e7a-feira (14)"},"content":{"rendered":"<p style=\"text-align: justify;\"><span style=\"font-size: inherit;\">O presidente do SISMUC (Sindicato dos Servidores Municipais de Caruaru e Regi\u00e3o), Eduardo Mendon\u00e7a, convoca os Guardas Municipais da capital do Agreste, para uma Assembleia na pr\u00f3xima ter\u00e7a-feira (14), \u00e0s 9h. O encontro vai acontecer na sede do sindicato na Rua Padre F\u00e9lix Barreto, N\u00ba 50 \u2013 Bairro Maur\u00edcio de Nassau.<\/span><\/p>\n<p style=\"text-align: justify;\">A Assembleia Extraordin\u00e1ria tem em pauta: abertura da mesa de negocia\u00e7\u00e3o; pagamento retroativo das promo\u00e7\u00f5es; avalia\u00e7\u00e3o sobre o Comando e o Sub-comando que se encerrou; sugest\u00e3o para fun\u00e7\u00e3o de Sub-comando, al\u00e9m de informes gerais da categoria.<\/p>\n<p style=\"text-align: justify;\">Mesmo sendo de forma presencial, as recomenda\u00e7\u00f5es sanit\u00e1rias da Organiza\u00e7\u00e3o Mundial de Sa\u00fade (OMS) contra a Covid-19 ser\u00e3o seguidas. Por isso, todos devem usar m\u00e1scara, respeitar o distanciamento social, utilizar \u00e1lcool em gel e sentar nas cadeiras marcadas.<\/p>\n","protected":false},"excerpt":{"rendered":"<p>O presidente do SISMUC (Sindicato dos Servidores Municipais de Caruaru e Regi\u00e3o), Eduardo Mendon\u00e7a, convoca os Guardas Municipais da capital&hellip;<\/p>\n","protected":false},"author":1,"featured_media":74623,"comment_status":"open","ping_status":"open","sticky":false,"template":"","format":"standard","meta":{"footnotes":""},"categories":[14120],"tags":[2,19532,3406,22768],"class_list":["post-74622","post","type-post","status-publish","format-standard","has-post-thumbnail","hentry","category-noticias","tag-blog-do-edvaldo-magalhaes","tag-blog-mais-acessado-e-visualizado-de-caruaru-e-regiao","tag-caruaru","tag-sismuc-regional-realiza-assembleia-com-guardas-municipais-nesta-terca-feira-14"],"_links":{"self":[{"href":"https:\/\/blogdoedvaldomagalhaes.com.br\/index.php\/wp-json\/wp\/v2\/posts\/74622","targetHints":{"allow":["GET"]}}],"collection":[{"href":"https:\/\/blogdoedvaldomagalhaes.com.br\/index.php\/wp-json\/wp\/v2\/posts"}],"about":[{"href":"https:\/\/blogdoedvaldomagalhaes.com.br\/index.php\/wp-json\/wp\/v2\/types\/post"}],"author":[{"embeddable":true,"href":"https:\/\/blogdoedvaldomagalhaes.com.br\/index.php\/wp-json\/wp\/v2\/users\/1"}],"replies":[{"embeddable":true,"href":"https:\/\/blogdoedvaldomagalhaes.com.br\/index.php\/wp-json\/wp\/v2\/comments?post=74622"}],"version-history":[{"count":1,"href":"https:\/\/blogdoedvaldomagalhaes.com.br\/index.php\/wp-json\/wp\/v2\/posts\/74622\/revisions"}],"predecessor-version":[{"id":74624,"href":"https:\/\/blogdoedvaldomagalhaes.com.br\/index.php\/wp-json\/wp\/v2\/posts\/74622\/revisions\/74624"}],"wp:featuredmedia":[{"embeddable":true,"href":"https:\/\/blogdoedvaldomagalhaes.com.br\/index.php\/wp-json\/wp\/v2\/media\/74623"}],"wp:attachment":[{"href":"https:\/\/blogdoedvaldomagalhaes.com.br\/index.php\/wp-json\/wp\/v2\/media?parent=74622"}],"wp:term":[{"taxonomy":"category","embeddable":true,"href":"https:\/\/blogdoedvaldomagalhaes.com.br\/index.php\/wp-json\/wp\/v2\/categories?post=74622"},{"taxonomy":"post_tag","embeddable":true,"href":"https:\/\/blogdoedvaldomagalhaes.com.br\/index.php\/wp-json\/wp\/v2\/tags?post=74622"}],"curies":[{"name":"wp","href":"https:\/\/api.w.org\/{rel}","templated":true}]}}