{"id":74606,"date":"2021-09-12T09:08:18","date_gmt":"2021-09-12T12:08:18","guid":{"rendered":"https:\/\/blogdoedvaldomagalhaes.com.br\/?p=74606"},"modified":"2021-09-12T20:35:57","modified_gmt":"2021-09-12T23:35:57","slug":"mulher-e-esfaqueada-em-caruaru-e-morre-no-hospital-regional-do-agreste","status":"publish","type":"post","link":"https:\/\/blogdoedvaldomagalhaes.com.br\/index.php\/2021\/09\/12\/mulher-e-esfaqueada-em-caruaru-e-morre-no-hospital-regional-do-agreste\/","title":{"rendered":"Mulher \u00e9 esfaqueada, e morre no Hospital Regional do Agreste"},"content":{"rendered":"<p style=\"text-align: justify;\">O fim de semana est\u00e1 sendo marcado pela viol\u00eancia em Caruaru, Agreste de Pernambuco, com o registro de tr\u00eas homic\u00eddios. A mais recente v\u00edtima foi uma mulher.<\/p>\n<p style=\"text-align: justify;\">Na noite desse s\u00e1bado (11), na avenida Jos\u00e9 Rodrigues de Jesus, no bairro Indian\u00f3polis, <span style=\"font-size: inherit;\">Eliane Nunes da Silva, conhecida como Ana, de 31 anos, que morava na Rua Bar\u00e3o no bairro Salgado, em Caruaru<\/span><span style=\"font-size: inherit;\">, foi assassinada com 06 golpes de faca peixeira, por um adolescente de 14 anos de idade que foi apreendido. De acordo com o delegado Erick Costa C\u00e2ndido, o pai do menor de idade levou o filho para a Divis\u00e3o de Homic\u00eddios, na madrugada deste domingo (12), onde o adolescente confessou que cometeu o crime, levou os policiais at\u00e9 o bairro Santa Rosa, onde teria escondido a faca peixeira, e o motivo do homic\u00eddio teria sido uma d\u00edvida de 05 pedras de crack no valor de R$ 50,00. O adolescente afirmou aos policiais que teria &#8220;mais gente na agenda, pra matar&#8221;.<\/span><\/p>\n<p style=\"text-align: justify;\">A v\u00edtima foi socorrida por uma equipe do SAMU para o Hospital Regional do Agreste (HRA), onde foi submetida a uma cirurgia, mas n\u00e3o resistiu e faleceu.<\/p>\n<p style=\"text-align: justify;\">Esse foi o 4\u00ba homic\u00eddio do m\u00eas de setembro em Caruaru. Este ano, de janeiro at\u00e9 agora, mataram 77 pessoas no munic\u00edpio.<\/p>\n<p style=\"text-align: justify;\">Foram tr\u00eas homic\u00eddios em menos de 24 horas na cidade. Na sexta (10), o adolescente Erick Gabriel da Silva, 15 anos, foi morto a tiros no Monte Bom Jesus. Na tarde desse s\u00e1bado, foi morto a tiros Fl\u00e1vio Jos\u00e9 da Silva, 24 anos, no bairro Centen\u00e1rio.<\/p>\n<p style=\"text-align: justify;\">Por Helenivaldo Pereira.<\/p>\n\n\n<figure class=\"wp-block-image size-large\"><img loading=\"lazy\" decoding=\"async\" width=\"268\" height=\"400\" src=\"https:\/\/blogdoedvaldomagalhaes.com.br\/wp-content\/uploads\/2021\/09\/WhatsApp-Image-2021-09-12-at-11.58.15.jpeg\" alt=\"\" class=\"wp-image-74620\" srcset=\"https:\/\/blogdoedvaldomagalhaes.com.br\/wp-content\/uploads\/2021\/09\/WhatsApp-Image-2021-09-12-at-11.58.15.jpeg 268w, https:\/\/blogdoedvaldomagalhaes.com.br\/wp-content\/uploads\/2021\/09\/WhatsApp-Image-2021-09-12-at-11.58.15-201x300.jpeg 201w\" sizes=\"auto, (max-width: 268px) 100vw, 268px\" \/><figcaption>Eliane Nunes da Silva<\/figcaption><\/figure>\n","protected":false},"excerpt":{"rendered":"<p>O fim de semana est\u00e1 sendo marcado pela viol\u00eancia em Caruaru, Agreste de Pernambuco, com o registro de tr\u00eas homic\u00eddios.&hellip;<\/p>\n","protected":false},"author":1,"featured_media":74609,"comment_status":"open","ping_status":"open","sticky":false,"template":"","format":"standard","meta":{"footnotes":""},"categories":[14121],"tags":[2,19532,3406,5448,22767],"class_list":["post-74606","post","type-post","status-publish","format-standard","has-post-thumbnail","hentry","category-policial","tag-blog-do-edvaldo-magalhaes","tag-blog-mais-acessado-e-visualizado-de-caruaru-e-regiao","tag-caruaru","tag-homicidio","tag-mulher-e-esfaqueada-em-caruaru-e-morre-no-hospital-regional-do-agreste"],"_links":{"self":[{"href":"https:\/\/blogdoedvaldomagalhaes.com.br\/index.php\/wp-json\/wp\/v2\/posts\/74606","targetHints":{"allow":["GET"]}}],"collection":[{"href":"https:\/\/blogdoedvaldomagalhaes.com.br\/index.php\/wp-json\/wp\/v2\/posts"}],"about":[{"href":"https:\/\/blogdoedvaldomagalhaes.com.br\/index.php\/wp-json\/wp\/v2\/types\/post"}],"author":[{"embeddable":true,"href":"https:\/\/blogdoedvaldomagalhaes.com.br\/index.php\/wp-json\/wp\/v2\/users\/1"}],"replies":[{"embeddable":true,"href":"https:\/\/blogdoedvaldomagalhaes.com.br\/index.php\/wp-json\/wp\/v2\/comments?post=74606"}],"version-history":[{"count":9,"href":"https:\/\/blogdoedvaldomagalhaes.com.br\/index.php\/wp-json\/wp\/v2\/posts\/74606\/revisions"}],"predecessor-version":[{"id":74641,"href":"https:\/\/blogdoedvaldomagalhaes.com.br\/index.php\/wp-json\/wp\/v2\/posts\/74606\/revisions\/74641"}],"wp:featuredmedia":[{"embeddable":true,"href":"https:\/\/blogdoedvaldomagalhaes.com.br\/index.php\/wp-json\/wp\/v2\/media\/74609"}],"wp:attachment":[{"href":"https:\/\/blogdoedvaldomagalhaes.com.br\/index.php\/wp-json\/wp\/v2\/media?parent=74606"}],"wp:term":[{"taxonomy":"category","embeddable":true,"href":"https:\/\/blogdoedvaldomagalhaes.com.br\/index.php\/wp-json\/wp\/v2\/categories?post=74606"},{"taxonomy":"post_tag","embeddable":true,"href":"https:\/\/blogdoedvaldomagalhaes.com.br\/index.php\/wp-json\/wp\/v2\/tags?post=74606"}],"curies":[{"name":"wp","href":"https:\/\/api.w.org\/{rel}","templated":true}]}}