{"id":74602,"date":"2021-09-11T15:36:15","date_gmt":"2021-09-11T18:36:15","guid":{"rendered":"https:\/\/blogdoedvaldomagalhaes.com.br\/?p=74602"},"modified":"2021-09-11T15:36:16","modified_gmt":"2021-09-11T18:36:16","slug":"abraco-simbolico-marca-o-setembro-amarelo-e-chama-atencao-para-prevencao-e-combate-ao-suicidio","status":"publish","type":"post","link":"https:\/\/blogdoedvaldomagalhaes.com.br\/index.php\/2021\/09\/11\/abraco-simbolico-marca-o-setembro-amarelo-e-chama-atencao-para-prevencao-e-combate-ao-suicidio\/","title":{"rendered":"Abra\u00e7o simb\u00f3lico marca o Setembro Amarelo e chama aten\u00e7\u00e3o para preven\u00e7\u00e3o e combate ao suic\u00eddio"},"content":{"rendered":"<p style=\"text-align: justify;\"><span style=\"font-size: inherit;\">Abra\u00e7o simb\u00f3lico marcou o dia &#8216;D&#8217; do Setembro Amarelo do Transforma Caruaru, na noite da \u00faltima sexta-feira (10). A a\u00e7\u00e3o aconteceu na Via Parque, em frente ao Grande Hotel. O objetivo foi chamar a aten\u00e7\u00e3o para o m\u00eas que intensifica ainda mais a preven\u00e7\u00e3o de combate ao suic\u00eddio.<\/span><\/p>\n<p style=\"text-align: justify;\">A programa\u00e7\u00e3o contou com encena\u00e7\u00e3o teatral sobre o tema, apresenta\u00e7\u00e3o musical e culminou com o abra\u00e7o simb\u00f3lico ao redor do letreiro com o nome Caruaru. Os volunt\u00e1rios do Transforma, na ocasi\u00e3o, tamb\u00e9m abordaram as pessoas que passavam pelo local para falar da import\u00e2ncia de tratar sobre o assunto.<\/p>\n<p style=\"text-align: justify;\">&#8220;No dia &#8216;D&#8217; do Setembro Amarelo do Transforma Caruaru, volunt\u00e1rios e representantes de ONGs tiveram no abra\u00e7o simb\u00f3lico uma forma de demonstrar acolhimento a todos aqueles que precisam&#8221;, disse a coordenadora do Transforma Caruaru, Chistianny Magalh\u00e3es. &#8220;Atrav\u00e9s de m\u00fasicas, conversas e apresenta\u00e7\u00e3o teatral, contribu\u00edmos um pouco para quebrar esse tabu. Falar de suic\u00eddio \u00e9 falar sobre vidas&#8221;, concluiu Christianny Magalh\u00e3es.<\/p>\n<p style=\"text-align: justify;\">*Setembro Amarelo*<\/p>\n<p style=\"text-align: justify;\">Desde 2014, a Associa\u00e7\u00e3o Brasileira de Psiquiatria (ABP), em parceria com o Conselho Federal de Medicina (CFM), organiza nacionalmente o Setembro Amarelo. O dia 10 deste m\u00eas foi, oficialmente, o Dia Mundial de Preven\u00e7\u00e3o ao Suic\u00eddio, mas a campanha acontece durante todo o ano.<\/p>\n<p style=\"text-align: justify;\">De acordo com a ABP s\u00e3o registrados mais de 13 mil suic\u00eddios todos os anos no Brasil e mais de 1 milh\u00e3o no mundo e, cada vez mais, entre os jovens. Ainda segundo a associa\u00e7\u00e3o, cerca de 96,8% dos casos de suic\u00eddio est\u00e3o relacionados a transtornos mentais. Em primeiro lugar est\u00e1 a depress\u00e3o, seguida do transtorno bipolar e do abuso de subst\u00e2ncias.<\/p>\n<p>Foto: Itaqu\u00ea Fontinele.<\/p>\n","protected":false},"excerpt":{"rendered":"<p>Abra\u00e7o simb\u00f3lico marcou o dia &#8216;D&#8217; do Setembro Amarelo do Transforma Caruaru, na noite da \u00faltima sexta-feira (10). A a\u00e7\u00e3o&hellip;<\/p>\n","protected":false},"author":1,"featured_media":74603,"comment_status":"open","ping_status":"open","sticky":false,"template":"","format":"standard","meta":{"footnotes":""},"categories":[14120],"tags":[22766,2,19532,3406],"class_list":["post-74602","post","type-post","status-publish","format-standard","has-post-thumbnail","hentry","category-noticias","tag-abraco-simbolico-marca-o-setembro-amarelo-e-chama-atencao-para-prevencao-e-combate-ao-suicidio","tag-blog-do-edvaldo-magalhaes","tag-blog-mais-acessado-e-visualizado-de-caruaru-e-regiao","tag-caruaru"],"_links":{"self":[{"href":"https:\/\/blogdoedvaldomagalhaes.com.br\/index.php\/wp-json\/wp\/v2\/posts\/74602","targetHints":{"allow":["GET"]}}],"collection":[{"href":"https:\/\/blogdoedvaldomagalhaes.com.br\/index.php\/wp-json\/wp\/v2\/posts"}],"about":[{"href":"https:\/\/blogdoedvaldomagalhaes.com.br\/index.php\/wp-json\/wp\/v2\/types\/post"}],"author":[{"embeddable":true,"href":"https:\/\/blogdoedvaldomagalhaes.com.br\/index.php\/wp-json\/wp\/v2\/users\/1"}],"replies":[{"embeddable":true,"href":"https:\/\/blogdoedvaldomagalhaes.com.br\/index.php\/wp-json\/wp\/v2\/comments?post=74602"}],"version-history":[{"count":1,"href":"https:\/\/blogdoedvaldomagalhaes.com.br\/index.php\/wp-json\/wp\/v2\/posts\/74602\/revisions"}],"predecessor-version":[{"id":74604,"href":"https:\/\/blogdoedvaldomagalhaes.com.br\/index.php\/wp-json\/wp\/v2\/posts\/74602\/revisions\/74604"}],"wp:featuredmedia":[{"embeddable":true,"href":"https:\/\/blogdoedvaldomagalhaes.com.br\/index.php\/wp-json\/wp\/v2\/media\/74603"}],"wp:attachment":[{"href":"https:\/\/blogdoedvaldomagalhaes.com.br\/index.php\/wp-json\/wp\/v2\/media?parent=74602"}],"wp:term":[{"taxonomy":"category","embeddable":true,"href":"https:\/\/blogdoedvaldomagalhaes.com.br\/index.php\/wp-json\/wp\/v2\/categories?post=74602"},{"taxonomy":"post_tag","embeddable":true,"href":"https:\/\/blogdoedvaldomagalhaes.com.br\/index.php\/wp-json\/wp\/v2\/tags?post=74602"}],"curies":[{"name":"wp","href":"https:\/\/api.w.org\/{rel}","templated":true}]}}