{"id":74599,"date":"2021-09-11T14:58:20","date_gmt":"2021-09-11T17:58:20","guid":{"rendered":"https:\/\/blogdoedvaldomagalhaes.com.br\/?p=74599"},"modified":"2021-09-11T14:58:22","modified_gmt":"2021-09-11T17:58:22","slug":"academia-caruaruense-de-literatura-de-cordel-lanca-edital-para-novos-academicos","status":"publish","type":"post","link":"https:\/\/blogdoedvaldomagalhaes.com.br\/index.php\/2021\/09\/11\/academia-caruaruense-de-literatura-de-cordel-lanca-edital-para-novos-academicos\/","title":{"rendered":"Academia Caruaruense de Literatura de Cordel lan\u00e7a edital para novos acad\u00eamicos"},"content":{"rendered":"<p style=\"text-align: justify;\"><span style=\"font-size: inherit;\">A Academia Caruaruense de Literatura de Cordel (ACLC) abriu um edital para inscri\u00e7\u00e3o de novos acad\u00eamicos. No total, est\u00e3o disponibilizadas cinco vagas, das quais quatro s\u00e3o destinadas para autores caruaruenses e uma para escritores de cordel que moram em outras cidades de Pernambuco.<\/span><\/p>\n<p style=\"text-align: justify;\">De acordo com o presidente da entidade, Davi Geffson, a escolha de novos integrantes engrandece a institui\u00e7\u00e3o. \u201cBuscamos pessoas que venham a somar com a Academia, tanto com um esp\u00edrito de coopera\u00e7\u00e3o e motiva\u00e7\u00e3o quanto com um talento liter\u00e1rio de qualidade\u201d, explanou.<\/p>\n<p style=\"text-align: justify;\">O per\u00edodo para inscri\u00e7\u00f5es vai de 10 a 30 de setembro de 2021. O per\u00edodo de an\u00e1lise das obras pelo corpo t\u00e9cnico da ACLC ser\u00e1 de 1\u00ba a 15 de outubro. A divulga\u00e7\u00e3o dos novos acad\u00eamicos est\u00e1 prevista para o dia 18 de outubro, atrav\u00e9s das m\u00eddias sociais da entidade.<\/p>\n<p style=\"text-align: justify;\">Para participar, o candidato deve ter acima de 18 anos, comprovar suas produ\u00e7\u00f5es com pelo menos cinco textos no g\u00eanero literatura de cordel, a serem enviados para o e-mail caruaruaclc@gmail.com. O edital completo est\u00e1 dispon\u00edvel no link https:\/\/drive.google.com\/file\/d\/1cbt8LkZ7RFpJak7IrFentPdA8tzyqTFm\/view?usp=sharing .<\/p>\n<p style=\"text-align: justify;\">ACLC<br \/>\nFundada em 18 de maio de 2005, a ACLC \u00e9 uma associa\u00e7\u00e3o de natureza cultural para fins n\u00e3o econ\u00f4micos, que busca promover, valorizar e preservar a Literatura de Cordel.<\/p>\n<p style=\"text-align: justify;\">Foto: Divulga\u00e7\u00e3o.<\/p>\n","protected":false},"excerpt":{"rendered":"<p>A Academia Caruaruense de Literatura de Cordel (ACLC) abriu um edital para inscri\u00e7\u00e3o de novos acad\u00eamicos. No total, est\u00e3o disponibilizadas&hellip;<\/p>\n","protected":false},"author":1,"featured_media":74600,"comment_status":"open","ping_status":"open","sticky":false,"template":"","format":"standard","meta":{"footnotes":""},"categories":[14120],"tags":[22765,2,19532,3406],"class_list":["post-74599","post","type-post","status-publish","format-standard","has-post-thumbnail","hentry","category-noticias","tag-academia-caruaruense-de-literatura-de-cordel-lanca-edital-para-novos-academicos","tag-blog-do-edvaldo-magalhaes","tag-blog-mais-acessado-e-visualizado-de-caruaru-e-regiao","tag-caruaru"],"_links":{"self":[{"href":"https:\/\/blogdoedvaldomagalhaes.com.br\/index.php\/wp-json\/wp\/v2\/posts\/74599","targetHints":{"allow":["GET"]}}],"collection":[{"href":"https:\/\/blogdoedvaldomagalhaes.com.br\/index.php\/wp-json\/wp\/v2\/posts"}],"about":[{"href":"https:\/\/blogdoedvaldomagalhaes.com.br\/index.php\/wp-json\/wp\/v2\/types\/post"}],"author":[{"embeddable":true,"href":"https:\/\/blogdoedvaldomagalhaes.com.br\/index.php\/wp-json\/wp\/v2\/users\/1"}],"replies":[{"embeddable":true,"href":"https:\/\/blogdoedvaldomagalhaes.com.br\/index.php\/wp-json\/wp\/v2\/comments?post=74599"}],"version-history":[{"count":1,"href":"https:\/\/blogdoedvaldomagalhaes.com.br\/index.php\/wp-json\/wp\/v2\/posts\/74599\/revisions"}],"predecessor-version":[{"id":74601,"href":"https:\/\/blogdoedvaldomagalhaes.com.br\/index.php\/wp-json\/wp\/v2\/posts\/74599\/revisions\/74601"}],"wp:featuredmedia":[{"embeddable":true,"href":"https:\/\/blogdoedvaldomagalhaes.com.br\/index.php\/wp-json\/wp\/v2\/media\/74600"}],"wp:attachment":[{"href":"https:\/\/blogdoedvaldomagalhaes.com.br\/index.php\/wp-json\/wp\/v2\/media?parent=74599"}],"wp:term":[{"taxonomy":"category","embeddable":true,"href":"https:\/\/blogdoedvaldomagalhaes.com.br\/index.php\/wp-json\/wp\/v2\/categories?post=74599"},{"taxonomy":"post_tag","embeddable":true,"href":"https:\/\/blogdoedvaldomagalhaes.com.br\/index.php\/wp-json\/wp\/v2\/tags?post=74599"}],"curies":[{"name":"wp","href":"https:\/\/api.w.org\/{rel}","templated":true}]}}