{"id":74584,"date":"2021-09-11T13:21:31","date_gmt":"2021-09-11T16:21:31","guid":{"rendered":"https:\/\/blogdoedvaldomagalhaes.com.br\/?p=74584"},"modified":"2021-09-11T21:32:40","modified_gmt":"2021-09-12T00:32:40","slug":"jovem-e-morto-a-tiros-em-caruaru-neste-sabado-11","status":"publish","type":"post","link":"https:\/\/blogdoedvaldomagalhaes.com.br\/index.php\/2021\/09\/11\/jovem-e-morto-a-tiros-em-caruaru-neste-sabado-11\/","title":{"rendered":"Jovem \u00e9 morto a tiros em Caruaru neste s\u00e1bado (11)"},"content":{"rendered":"<p style=\"text-align: justify;\">Um homic\u00eddio foi registrado neste s\u00e1bado (11), na rua da Cuiab\u00e1, no bairro Centen\u00e1rio, em Caruaru. O jovem Fl\u00e1vio Jos\u00e9 da Silva Batista, 23 anos, que morava na rua da Cruz, no Centen\u00e1rio, foi morto a tiros.<\/p>\n<p style=\"text-align: justify;\">De acordo com informa\u00e7\u00f5es colhidas pela pol\u00edcia, o crime foi praticado por quatro desconhecidos. A v\u00edtima j\u00e1 tinha praticado um homic\u00eddio em 2016.<\/p>\n<p style=\"text-align: justify;\">Este foi o 3\u00ba homic\u00eddio do m\u00eas de setembro. Este ano, mataram no munic\u00edpio 76 pessoas.<\/p>\n<p style=\"text-align: justify;\">Foto: Izaias Rodrigues<\/p>\n\n\n<figure class=\"wp-block-image size-large\"><img loading=\"lazy\" decoding=\"async\" width=\"720\" height=\"811\" src=\"https:\/\/blogdoedvaldomagalhaes.com.br\/wp-content\/uploads\/2021\/09\/IMG-20210911-WA0156.jpg\" alt=\"\" class=\"wp-image-74595\" srcset=\"https:\/\/blogdoedvaldomagalhaes.com.br\/wp-content\/uploads\/2021\/09\/IMG-20210911-WA0156.jpg 720w, https:\/\/blogdoedvaldomagalhaes.com.br\/wp-content\/uploads\/2021\/09\/IMG-20210911-WA0156-266x300.jpg 266w\" sizes=\"auto, (max-width: 720px) 100vw, 720px\" \/><figcaption>V\u00edtima<\/figcaption><\/figure>\n","protected":false},"excerpt":{"rendered":"<p>Um homic\u00eddio foi registrado neste s\u00e1bado (11), na rua da Cuiab\u00e1, no bairro Centen\u00e1rio, em Caruaru. O jovem Fl\u00e1vio Jos\u00e9&hellip;<\/p>\n","protected":false},"author":1,"featured_media":74585,"comment_status":"open","ping_status":"open","sticky":false,"template":"","format":"standard","meta":{"footnotes":""},"categories":[14121],"tags":[2,19532,3406,5448,22764],"class_list":["post-74584","post","type-post","status-publish","format-standard","has-post-thumbnail","hentry","category-policial","tag-blog-do-edvaldo-magalhaes","tag-blog-mais-acessado-e-visualizado-de-caruaru-e-regiao","tag-caruaru","tag-homicidio","tag-jovem-e-morto-a-tiros-em-caruaru-neste-sabado-11"],"_links":{"self":[{"href":"https:\/\/blogdoedvaldomagalhaes.com.br\/index.php\/wp-json\/wp\/v2\/posts\/74584","targetHints":{"allow":["GET"]}}],"collection":[{"href":"https:\/\/blogdoedvaldomagalhaes.com.br\/index.php\/wp-json\/wp\/v2\/posts"}],"about":[{"href":"https:\/\/blogdoedvaldomagalhaes.com.br\/index.php\/wp-json\/wp\/v2\/types\/post"}],"author":[{"embeddable":true,"href":"https:\/\/blogdoedvaldomagalhaes.com.br\/index.php\/wp-json\/wp\/v2\/users\/1"}],"replies":[{"embeddable":true,"href":"https:\/\/blogdoedvaldomagalhaes.com.br\/index.php\/wp-json\/wp\/v2\/comments?post=74584"}],"version-history":[{"count":9,"href":"https:\/\/blogdoedvaldomagalhaes.com.br\/index.php\/wp-json\/wp\/v2\/posts\/74584\/revisions"}],"predecessor-version":[{"id":74605,"href":"https:\/\/blogdoedvaldomagalhaes.com.br\/index.php\/wp-json\/wp\/v2\/posts\/74584\/revisions\/74605"}],"wp:featuredmedia":[{"embeddable":true,"href":"https:\/\/blogdoedvaldomagalhaes.com.br\/index.php\/wp-json\/wp\/v2\/media\/74585"}],"wp:attachment":[{"href":"https:\/\/blogdoedvaldomagalhaes.com.br\/index.php\/wp-json\/wp\/v2\/media?parent=74584"}],"wp:term":[{"taxonomy":"category","embeddable":true,"href":"https:\/\/blogdoedvaldomagalhaes.com.br\/index.php\/wp-json\/wp\/v2\/categories?post=74584"},{"taxonomy":"post_tag","embeddable":true,"href":"https:\/\/blogdoedvaldomagalhaes.com.br\/index.php\/wp-json\/wp\/v2\/tags?post=74584"}],"curies":[{"name":"wp","href":"https:\/\/api.w.org\/{rel}","templated":true}]}}