{"id":74580,"date":"2021-09-11T11:53:23","date_gmt":"2021-09-11T14:53:23","guid":{"rendered":"https:\/\/blogdoedvaldomagalhaes.com.br\/?p=74580"},"modified":"2021-09-11T11:53:24","modified_gmt":"2021-09-11T14:53:24","slug":"fagner-solicita-que-demandas-no-bairro-do-salgado-sejam-atendidas","status":"publish","type":"post","link":"https:\/\/blogdoedvaldomagalhaes.com.br\/index.php\/2021\/09\/11\/fagner-solicita-que-demandas-no-bairro-do-salgado-sejam-atendidas\/","title":{"rendered":"Fagner solicita que demandas no bairro do Salgado sejam atendidas"},"content":{"rendered":"<p style=\"text-align: justify;\"><span style=\"font-size: inherit;\">Por meio de requerimentos apresentados durante Sess\u00e3o Plen\u00e1ria, o vereador Fagner Fernandes (PDT), solicitou a prefeitura de Caruaru que priorize o atendimento \u00e0s demandas do bairro do Salgado. Entre os problemas encontrados na comunidade, o parlamentar solicitou que seja viabilizada a recupera\u00e7\u00e3o da estrutura da ponte, localizada na Rua Montana (REQ 3352\/2021).<\/span><\/p>\n<p style=\"text-align: justify;\">&#8220;O local est\u00e1 em condi\u00e7\u00f5es prec\u00e1rias. O gradeado da ponte est\u00e1 danificado, causando inseguran\u00e7a para pedestres e o cal\u00e7amento est\u00e1 irregular, com muitos buracos, o que prejudica a vida dos motoristas que passam nesse trecho. Um total descaso da prefeitura na Rua Montana&#8221;, explicou Fagner.<\/p>\n<p style=\"text-align: justify;\">O vereador solicitou tamb\u00e9m (REQ 3347\/2021), que o poder p\u00fablico realize a coloca\u00e7\u00e3o das grades de prote\u00e7\u00e3o das galerias pluviais, localizadas na Rua Cap. Jo\u00e3o Cl\u00edmaco Limeira. &#8220;Precisamos estar atentos \u00e0s demandas da popula\u00e7\u00e3o e cobrar ao Executivo Municipal a realiza\u00e7\u00e3o de a\u00e7\u00f5es de manuten\u00e7\u00e3o e reestrutura\u00e7\u00e3o nos bairros da cidade&#8221;, pontuou.<\/p>\n","protected":false},"excerpt":{"rendered":"<p>Por meio de requerimentos apresentados durante Sess\u00e3o Plen\u00e1ria, o vereador Fagner Fernandes (PDT), solicitou a prefeitura de Caruaru que priorize&hellip;<\/p>\n","protected":false},"author":1,"featured_media":74295,"comment_status":"open","ping_status":"open","sticky":false,"template":"","format":"standard","meta":{"footnotes":""},"categories":[14122],"tags":[2,19532,3406,22763,20],"class_list":["post-74580","post","type-post","status-publish","format-standard","has-post-thumbnail","hentry","category-politica","tag-blog-do-edvaldo-magalhaes","tag-blog-mais-acessado-e-visualizado-de-caruaru-e-regiao","tag-caruaru","tag-fagner-solicita-que-demandas-no-bairro-do-salgado-sejam-atendidas","tag-politica"],"_links":{"self":[{"href":"https:\/\/blogdoedvaldomagalhaes.com.br\/index.php\/wp-json\/wp\/v2\/posts\/74580","targetHints":{"allow":["GET"]}}],"collection":[{"href":"https:\/\/blogdoedvaldomagalhaes.com.br\/index.php\/wp-json\/wp\/v2\/posts"}],"about":[{"href":"https:\/\/blogdoedvaldomagalhaes.com.br\/index.php\/wp-json\/wp\/v2\/types\/post"}],"author":[{"embeddable":true,"href":"https:\/\/blogdoedvaldomagalhaes.com.br\/index.php\/wp-json\/wp\/v2\/users\/1"}],"replies":[{"embeddable":true,"href":"https:\/\/blogdoedvaldomagalhaes.com.br\/index.php\/wp-json\/wp\/v2\/comments?post=74580"}],"version-history":[{"count":1,"href":"https:\/\/blogdoedvaldomagalhaes.com.br\/index.php\/wp-json\/wp\/v2\/posts\/74580\/revisions"}],"predecessor-version":[{"id":74581,"href":"https:\/\/blogdoedvaldomagalhaes.com.br\/index.php\/wp-json\/wp\/v2\/posts\/74580\/revisions\/74581"}],"wp:featuredmedia":[{"embeddable":true,"href":"https:\/\/blogdoedvaldomagalhaes.com.br\/index.php\/wp-json\/wp\/v2\/media\/74295"}],"wp:attachment":[{"href":"https:\/\/blogdoedvaldomagalhaes.com.br\/index.php\/wp-json\/wp\/v2\/media?parent=74580"}],"wp:term":[{"taxonomy":"category","embeddable":true,"href":"https:\/\/blogdoedvaldomagalhaes.com.br\/index.php\/wp-json\/wp\/v2\/categories?post=74580"},{"taxonomy":"post_tag","embeddable":true,"href":"https:\/\/blogdoedvaldomagalhaes.com.br\/index.php\/wp-json\/wp\/v2\/tags?post=74580"}],"curies":[{"name":"wp","href":"https:\/\/api.w.org\/{rel}","templated":true}]}}