{"id":74577,"date":"2021-09-11T10:58:13","date_gmt":"2021-09-11T13:58:13","guid":{"rendered":"https:\/\/blogdoedvaldomagalhaes.com.br\/?p=74577"},"modified":"2021-09-11T10:58:14","modified_gmt":"2021-09-11T13:58:14","slug":"estacionamento-do-parque-18-de-maio-sera-exclusivo-para-excursionistas-e-caminhoes-de-carga-e-descarga","status":"publish","type":"post","link":"https:\/\/blogdoedvaldomagalhaes.com.br\/index.php\/2021\/09\/11\/estacionamento-do-parque-18-de-maio-sera-exclusivo-para-excursionistas-e-caminhoes-de-carga-e-descarga\/","title":{"rendered":"Estacionamento do Parque 18 de Maio ser\u00e1 exclusivo para excursionistas e caminh\u00f5es de carga e descarga"},"content":{"rendered":"<p style=\"text-align: justify;\"><span style=\"font-size: inherit;\">A Secretaria de Servi\u00e7os P\u00fablicos e da Autarquia de Mobilidade, Tr\u00e2nsito e Transportes de Caruaru (AMTTC), informa que, a partir deste domingo (12), um dos estacionamentos do Parque 18 de Maio, conhecido como \u201cEstacionamento da Vi\u00fava\u201d, ficar\u00e1 exclusivo para excursionistas (\u00f4nibus e vans) e caminh\u00e3o de carga e descarga nos dias de Feira da Sulanca. O local \u00e9 gerenciado pela AMTTC, atrav\u00e9s de empresa respons\u00e1vel.<\/span><\/p>\n<p style=\"text-align: justify;\">Servidores da Secretaria de Servi\u00e7os P\u00fablicos e agentes de tr\u00e2nsito da AMTTC poder\u00e3o dar suporte sobre o novo local de estacionamento, que oferecer\u00e1 mais comodidade e seguran\u00e7a para quem vai ao Parque 18 de Maio.<\/p>\n","protected":false},"excerpt":{"rendered":"<p>A Secretaria de Servi\u00e7os P\u00fablicos e da Autarquia de Mobilidade, Tr\u00e2nsito e Transportes de Caruaru (AMTTC), informa que, a partir&hellip;<\/p>\n","protected":false},"author":1,"featured_media":74578,"comment_status":"open","ping_status":"open","sticky":false,"template":"","format":"standard","meta":{"footnotes":""},"categories":[14120],"tags":[2,19532,3406,22762],"class_list":["post-74577","post","type-post","status-publish","format-standard","has-post-thumbnail","hentry","category-noticias","tag-blog-do-edvaldo-magalhaes","tag-blog-mais-acessado-e-visualizado-de-caruaru-e-regiao","tag-caruaru","tag-estacionamento-do-parque-18-de-maio-sera-exclusivo-para-excursionistas-e-caminhoes-de-carga-e-descarga"],"_links":{"self":[{"href":"https:\/\/blogdoedvaldomagalhaes.com.br\/index.php\/wp-json\/wp\/v2\/posts\/74577","targetHints":{"allow":["GET"]}}],"collection":[{"href":"https:\/\/blogdoedvaldomagalhaes.com.br\/index.php\/wp-json\/wp\/v2\/posts"}],"about":[{"href":"https:\/\/blogdoedvaldomagalhaes.com.br\/index.php\/wp-json\/wp\/v2\/types\/post"}],"author":[{"embeddable":true,"href":"https:\/\/blogdoedvaldomagalhaes.com.br\/index.php\/wp-json\/wp\/v2\/users\/1"}],"replies":[{"embeddable":true,"href":"https:\/\/blogdoedvaldomagalhaes.com.br\/index.php\/wp-json\/wp\/v2\/comments?post=74577"}],"version-history":[{"count":1,"href":"https:\/\/blogdoedvaldomagalhaes.com.br\/index.php\/wp-json\/wp\/v2\/posts\/74577\/revisions"}],"predecessor-version":[{"id":74579,"href":"https:\/\/blogdoedvaldomagalhaes.com.br\/index.php\/wp-json\/wp\/v2\/posts\/74577\/revisions\/74579"}],"wp:featuredmedia":[{"embeddable":true,"href":"https:\/\/blogdoedvaldomagalhaes.com.br\/index.php\/wp-json\/wp\/v2\/media\/74578"}],"wp:attachment":[{"href":"https:\/\/blogdoedvaldomagalhaes.com.br\/index.php\/wp-json\/wp\/v2\/media?parent=74577"}],"wp:term":[{"taxonomy":"category","embeddable":true,"href":"https:\/\/blogdoedvaldomagalhaes.com.br\/index.php\/wp-json\/wp\/v2\/categories?post=74577"},{"taxonomy":"post_tag","embeddable":true,"href":"https:\/\/blogdoedvaldomagalhaes.com.br\/index.php\/wp-json\/wp\/v2\/tags?post=74577"}],"curies":[{"name":"wp","href":"https:\/\/api.w.org\/{rel}","templated":true}]}}