{"id":74574,"date":"2021-09-11T10:43:46","date_gmt":"2021-09-11T13:43:46","guid":{"rendered":"https:\/\/blogdoedvaldomagalhaes.com.br\/?p=74574"},"modified":"2021-09-11T10:43:48","modified_gmt":"2021-09-11T13:43:48","slug":"inscricoes-abertas-para-a-ii-semana-municipal-de-formacao-em-artes-e-cultura-de-caruaru","status":"publish","type":"post","link":"https:\/\/blogdoedvaldomagalhaes.com.br\/index.php\/2021\/09\/11\/inscricoes-abertas-para-a-ii-semana-municipal-de-formacao-em-artes-e-cultura-de-caruaru\/","title":{"rendered":"Inscri\u00e7\u00f5es abertas para a II Semana Municipal de Forma\u00e7\u00e3o em Artes e Cultura de Caruaru"},"content":{"rendered":"<p style=\"text-align: justify;\"><span style=\"font-size: inherit;\">A Funda\u00e7\u00e3o de Cultura (FCC), abriu as inscri\u00e7\u00f5es para a II Semana Municipal de Forma\u00e7\u00e3o em Artes e Cultura. A capacita\u00e7\u00e3o \u00e9 gratuita e acontecer\u00e1 entre os dias 20 a 24 de setembro, de forma presencial, no Museu do Barro, seguindo todos os protocolos de seguran\u00e7a. Os encontros abordar\u00e3o o empreendedorismo cultural e art\u00edstico, com o intuito de que os agentes culturais do munic\u00edpio possam aprimorar seus conhecimentos, aumentando a produtividade e autonomia. As inscri\u00e7\u00f5es devem ser feitas pelo site do Qualifica Caruaru.<\/span><\/p>\n<p style=\"text-align: justify;\">O p\u00fablico-alvo \u00e9 formado, principalmente, por artistas e produtores culturais. Ser\u00e3o tratados os seguintes temas: \u201cComo apresentar projetos de cultura\u201d, \u201cComo divulgar o trabalho art\u00edstico para a imprensa\u201d, \u201cProdu\u00e7\u00e3o e execu\u00e7\u00e3o de eventos\u201d, \u201cEduca\u00e7\u00e3o financeira\u201d e \u201cApontando caminhos\u201d. Para cada palestra, 20 vagas est\u00e3o sendo disponibilizadas. Os participantes receber\u00e3o certificados atrav\u00e9s de e-mail.<\/p>\n<p style=\"text-align: justify;\">\u201cCom essa iniciativa da Funda\u00e7\u00e3o de Cultura, iremos contribuir com a cadeia produtiva das artes e da cultura de Caruaru, proporcionando que os profissionais saiam melhores qualificados, independentes e aut\u00f4nomos, a fim de que possam melhorar a qualidade dos trabalhos oferecidos, tanto \u00e0 popula\u00e7\u00e3o, quanto aos contratantes e consumidores dos seus servi\u00e7os ou produtos\u201d, explicou o presidente da FCC, Rubens J\u00fanior.<\/p>\n<p style=\"text-align: justify;\">Programa\u00e7\u00e3o<br \/>\n20 de setembro, das 9h \u00e0s 12h<br \/>\nComo Apresentar Projetos de Cultura<br \/>\nFacilitadora: J\u00f4 Barbosa<br \/>\nhttp:\/\/qualifica.caruaru.pe.gov.br\/course\/como-apresentar-projetos-de-cultura<\/p>\n<p style=\"text-align: justify;\">21 de setembro, das 10h \u00e0s 12h<br \/>\nComo divulgar o trabalho art\u00edstico para a imprensa<br \/>\nFacilitadora: Paula Cavalcante<br \/>\nhttp:\/\/qualifica.caruaru.pe.gov.br\/course\/como-divulgar-o-trabalho-artistico-para-a-imprensa<\/p>\n<p style=\"text-align: justify;\">22 de setembro, das 10h \u00e0s 12h<br \/>\nProdu\u00e7\u00e3o e execu\u00e7\u00e3o de eventos<br \/>\nFacilitador: F\u00falvio Wagner Lopes<br \/>\nhttp:\/\/qualifica.caruaru.pe.gov.br\/course\/producao-e-execucao-de-eventos<\/p>\n<p style=\"text-align: justify;\">23 de setembro, das 10h \u00e0s 12h<br \/>\nEduca\u00e7\u00e3o financeira<br \/>\nFacilitadora: Samara Sarmento<br \/>\nhttp:\/\/qualifica.caruaru.pe.gov.br\/course\/educacao-financeira<\/p>\n<p style=\"text-align: justify;\">24 de setembro, das 10h \u00e0s 12h<br \/>\nApontando caminhos<br \/>\nFacilitador: H\u00e9rlon Cavalcanti<br \/>\nhttp:\/\/qualifica.caruaru.pe.gov.br\/course\/organizacoes-culturais-coletivas<\/p>\n","protected":false},"excerpt":{"rendered":"<p>A Funda\u00e7\u00e3o de Cultura (FCC), abriu as inscri\u00e7\u00f5es para a II Semana Municipal de Forma\u00e7\u00e3o em Artes e Cultura. A&hellip;<\/p>\n","protected":false},"author":1,"featured_media":74575,"comment_status":"open","ping_status":"open","sticky":false,"template":"","format":"standard","meta":{"footnotes":""},"categories":[14120],"tags":[2,19532,3406,22761],"class_list":["post-74574","post","type-post","status-publish","format-standard","has-post-thumbnail","hentry","category-noticias","tag-blog-do-edvaldo-magalhaes","tag-blog-mais-acessado-e-visualizado-de-caruaru-e-regiao","tag-caruaru","tag-inscricoes-abertas-para-a-ii-semana-municipal-de-formacao-em-artes-e-cultura-de-caruaru"],"_links":{"self":[{"href":"https:\/\/blogdoedvaldomagalhaes.com.br\/index.php\/wp-json\/wp\/v2\/posts\/74574","targetHints":{"allow":["GET"]}}],"collection":[{"href":"https:\/\/blogdoedvaldomagalhaes.com.br\/index.php\/wp-json\/wp\/v2\/posts"}],"about":[{"href":"https:\/\/blogdoedvaldomagalhaes.com.br\/index.php\/wp-json\/wp\/v2\/types\/post"}],"author":[{"embeddable":true,"href":"https:\/\/blogdoedvaldomagalhaes.com.br\/index.php\/wp-json\/wp\/v2\/users\/1"}],"replies":[{"embeddable":true,"href":"https:\/\/blogdoedvaldomagalhaes.com.br\/index.php\/wp-json\/wp\/v2\/comments?post=74574"}],"version-history":[{"count":1,"href":"https:\/\/blogdoedvaldomagalhaes.com.br\/index.php\/wp-json\/wp\/v2\/posts\/74574\/revisions"}],"predecessor-version":[{"id":74576,"href":"https:\/\/blogdoedvaldomagalhaes.com.br\/index.php\/wp-json\/wp\/v2\/posts\/74574\/revisions\/74576"}],"wp:featuredmedia":[{"embeddable":true,"href":"https:\/\/blogdoedvaldomagalhaes.com.br\/index.php\/wp-json\/wp\/v2\/media\/74575"}],"wp:attachment":[{"href":"https:\/\/blogdoedvaldomagalhaes.com.br\/index.php\/wp-json\/wp\/v2\/media?parent=74574"}],"wp:term":[{"taxonomy":"category","embeddable":true,"href":"https:\/\/blogdoedvaldomagalhaes.com.br\/index.php\/wp-json\/wp\/v2\/categories?post=74574"},{"taxonomy":"post_tag","embeddable":true,"href":"https:\/\/blogdoedvaldomagalhaes.com.br\/index.php\/wp-json\/wp\/v2\/tags?post=74574"}],"curies":[{"name":"wp","href":"https:\/\/api.w.org\/{rel}","templated":true}]}}