{"id":74567,"date":"2021-09-10T23:43:48","date_gmt":"2021-09-11T02:43:48","guid":{"rendered":"https:\/\/blogdoedvaldomagalhaes.com.br\/?p=74567"},"modified":"2021-09-11T08:37:02","modified_gmt":"2021-09-11T11:37:02","slug":"morre-radialista-mary-silva-da-radio-surubim-am-vitima-de-covid-19","status":"publish","type":"post","link":"https:\/\/blogdoedvaldomagalhaes.com.br\/index.php\/2021\/09\/10\/morre-radialista-mary-silva-da-radio-surubim-am-vitima-de-covid-19\/","title":{"rendered":"Morre radialista Mary Silva da R\u00e1dio Surubim AM v\u00edtima de covid-19"},"content":{"rendered":"<p style=\"text-align: justify;\">Faleceu por volta das 22h, desta sexta-feira (10), no Hospital do Vale, em Limoeiro, a radialista Mary Silva, da R\u00e1dio Surubim AM. Ela tinha 60 anos e estava internada na UTI da unidade de sa\u00fade h\u00e1 11 dias por causa da Covid-19. Segundo familiares, Mary havia completado o esquema vacinal com o imunizante Astrazeneca, mas desenvolveu a forma grave da doen\u00e7a, porque estava com a imunidade baixa, j\u00e1 que h\u00e1 quatro meses tinha iniciado o tratamento contra um c\u00e2ncer de mama, que inclu\u00eda sess\u00f5es de quimioterapia. Al\u00e9m disso, ela foi fumante por 30 anos e de acordo com a equipe m\u00e9dica, \u00a0esse fator tamb\u00e9m contribuiu para o agravamento do quadro de sa\u00fade.<\/p>\n<p style=\"text-align: justify;\">A radialista era funcion\u00e1ria da R\u00e1dio Surubim AM desde a inaugura\u00e7\u00e3o da emissora h\u00e1 35\u00a0 anos. Iniciou a carreira como secret\u00e1ria e depois passou a atuar tamb\u00e9m como locutora, no comando do Show da Tarde. H\u00e1 cinco anos Mary se aposentou mas continuou trabalhando. Se afastou apenas quando come\u00e7ou o tratamento do c\u00e2ncer.<\/p>\n<p style=\"text-align: justify;\">Muito querida pelos colegas, chegou a presidir o Centro Esportivo dos Radialistas, um time de futebol formado por v\u00e1rios comunicadores da cidade. Ela era solteira e n\u00e3o deixa filhos.<\/p>\n<p style=\"text-align: justify;\">Em decorr\u00eancia da covid-19, n\u00e3o haver\u00e1 vel\u00f3rio, mas ser\u00e1 realizado cortejo neste s\u00e1bado (11), \u00e0s 13hrs saindo do PAFF, passando em frente \u00e0 R\u00e1dio Surubim AM, em frente \u00e0 sua resid\u00eancia localizada na avenida S\u00e3o Sebasti\u00e3o e seguindo para o Cemit\u00e9rio S\u00e3o Jos\u00e9.<\/p>\n<p style=\"text-align: justify;\">Fonte: Correio do Agreste.<\/p>\n","protected":false},"excerpt":{"rendered":"<p>Faleceu por volta das 22h, desta sexta-feira (10), no Hospital do Vale, em Limoeiro, a radialista Mary Silva, da R\u00e1dio&hellip;<\/p>\n","protected":false},"author":1,"featured_media":74571,"comment_status":"open","ping_status":"open","sticky":false,"template":"","format":"standard","meta":{"footnotes":""},"categories":[14120],"tags":[2,19532,3406,22760],"class_list":["post-74567","post","type-post","status-publish","format-standard","has-post-thumbnail","hentry","category-noticias","tag-blog-do-edvaldo-magalhaes","tag-blog-mais-acessado-e-visualizado-de-caruaru-e-regiao","tag-caruaru","tag-morre-radialista-mary-silva-da-radio-surubim-am-vitima-de-covid-19"],"_links":{"self":[{"href":"https:\/\/blogdoedvaldomagalhaes.com.br\/index.php\/wp-json\/wp\/v2\/posts\/74567","targetHints":{"allow":["GET"]}}],"collection":[{"href":"https:\/\/blogdoedvaldomagalhaes.com.br\/index.php\/wp-json\/wp\/v2\/posts"}],"about":[{"href":"https:\/\/blogdoedvaldomagalhaes.com.br\/index.php\/wp-json\/wp\/v2\/types\/post"}],"author":[{"embeddable":true,"href":"https:\/\/blogdoedvaldomagalhaes.com.br\/index.php\/wp-json\/wp\/v2\/users\/1"}],"replies":[{"embeddable":true,"href":"https:\/\/blogdoedvaldomagalhaes.com.br\/index.php\/wp-json\/wp\/v2\/comments?post=74567"}],"version-history":[{"count":3,"href":"https:\/\/blogdoedvaldomagalhaes.com.br\/index.php\/wp-json\/wp\/v2\/posts\/74567\/revisions"}],"predecessor-version":[{"id":74573,"href":"https:\/\/blogdoedvaldomagalhaes.com.br\/index.php\/wp-json\/wp\/v2\/posts\/74567\/revisions\/74573"}],"wp:featuredmedia":[{"embeddable":true,"href":"https:\/\/blogdoedvaldomagalhaes.com.br\/index.php\/wp-json\/wp\/v2\/media\/74571"}],"wp:attachment":[{"href":"https:\/\/blogdoedvaldomagalhaes.com.br\/index.php\/wp-json\/wp\/v2\/media?parent=74567"}],"wp:term":[{"taxonomy":"category","embeddable":true,"href":"https:\/\/blogdoedvaldomagalhaes.com.br\/index.php\/wp-json\/wp\/v2\/categories?post=74567"},{"taxonomy":"post_tag","embeddable":true,"href":"https:\/\/blogdoedvaldomagalhaes.com.br\/index.php\/wp-json\/wp\/v2\/tags?post=74567"}],"curies":[{"name":"wp","href":"https:\/\/api.w.org\/{rel}","templated":true}]}}