{"id":74559,"date":"2021-09-10T21:39:04","date_gmt":"2021-09-11T00:39:04","guid":{"rendered":"https:\/\/blogdoedvaldomagalhaes.com.br\/?p=74559"},"modified":"2021-09-10T22:28:57","modified_gmt":"2021-09-11T01:28:57","slug":"requerimento-do-vereador-jorge-quintino-que-solicita-acessibilidade-ao-sistema-de-apoio-ao-processo-legislativo-sapl-e-atendido","status":"publish","type":"post","link":"https:\/\/blogdoedvaldomagalhaes.com.br\/index.php\/2021\/09\/10\/requerimento-do-vereador-jorge-quintino-que-solicita-acessibilidade-ao-sistema-de-apoio-ao-processo-legislativo-sapl-e-atendido\/","title":{"rendered":"Requerimento do vereador Jorge Quintino que solicita acessibilidade ao Sistema de Apoio ao Processo Legislativo (SAPL) \u00e9 atendido"},"content":{"rendered":"<p style=\"text-align: justify;\"><span style=\"font-size: inherit;\">Atrav\u00e9s do requerimento 3288\/2021, de autoria do parlamentar Jorge Quintino, o Sistema de Apoio ao Processo Legislativo (SAPL), oferecer\u00e1 acessibilidade \u00e0 popula\u00e7\u00e3o de Caruaru. A informa\u00e7\u00e3o foi divulgada hoje pela Casa.<\/span><\/p>\n<p style=\"text-align: justify;\">\u201cAgrade\u00e7o \u00e0 sensibilidade da presid\u00eancia da C\u00e2mara, atrav\u00e9s do vereador Bruno Lambreta, que atendeu nossa solicita\u00e7\u00e3o. Sabemos que acessibilidade \u00e9 o caminho\u201d, afirmou Jorge.<\/p>\n<p style=\"text-align: justify;\">A acessibilidade ao sistema do processo legislativo, tornar\u00e1 mais ampla a divulga\u00e7\u00e3o dos trabalhos dos parlamentares, que conta agora, com a possibilidade da linguagem de sinais.<\/p>\n<p style=\"text-align: justify;\">Para acionar, basta clicar no bot\u00e3o azul, com o s\u00edmbolo de duas m\u00e3os, localizado no canto superior direito do SAPL. A ferramenta possibilita a tradu\u00e7\u00e3o dos conte\u00fados da p\u00e1gina em linguagem de sinais, com ajuda dos assistentes virtuais.<\/p>\n\n\n<figure class=\"wp-block-image size-large\"><img loading=\"lazy\" decoding=\"async\" width=\"1024\" height=\"1024\" src=\"https:\/\/blogdoedvaldomagalhaes.com.br\/wp-content\/uploads\/2021\/09\/IMG-20210910-WA0314-1024x1024.jpg\" alt=\"\" class=\"wp-image-74562\" srcset=\"https:\/\/blogdoedvaldomagalhaes.com.br\/wp-content\/uploads\/2021\/09\/IMG-20210910-WA0314-1024x1024.jpg 1024w, https:\/\/blogdoedvaldomagalhaes.com.br\/wp-content\/uploads\/2021\/09\/IMG-20210910-WA0314-300x300.jpg 300w, https:\/\/blogdoedvaldomagalhaes.com.br\/wp-content\/uploads\/2021\/09\/IMG-20210910-WA0314-150x150.jpg 150w, https:\/\/blogdoedvaldomagalhaes.com.br\/wp-content\/uploads\/2021\/09\/IMG-20210910-WA0314-768x768.jpg 768w, https:\/\/blogdoedvaldomagalhaes.com.br\/wp-content\/uploads\/2021\/09\/IMG-20210910-WA0314.jpg 1080w\" sizes=\"auto, (max-width: 1024px) 100vw, 1024px\" \/><\/figure>\n\n\n\n<figure class=\"wp-block-image size-large\"><img loading=\"lazy\" decoding=\"async\" width=\"750\" height=\"996\" src=\"https:\/\/blogdoedvaldomagalhaes.com.br\/wp-content\/uploads\/2021\/09\/IMG-20210910-WA0313.jpg\" alt=\"\" class=\"wp-image-74564\" srcset=\"https:\/\/blogdoedvaldomagalhaes.com.br\/wp-content\/uploads\/2021\/09\/IMG-20210910-WA0313.jpg 750w, https:\/\/blogdoedvaldomagalhaes.com.br\/wp-content\/uploads\/2021\/09\/IMG-20210910-WA0313-226x300.jpg 226w\" sizes=\"auto, (max-width: 750px) 100vw, 750px\" \/><\/figure>\n","protected":false},"excerpt":{"rendered":"<p>Atrav\u00e9s do requerimento 3288\/2021, de autoria do parlamentar Jorge Quintino, o Sistema de Apoio ao Processo Legislativo (SAPL), oferecer\u00e1 acessibilidade&hellip;<\/p>\n","protected":false},"author":1,"featured_media":74560,"comment_status":"open","ping_status":"open","sticky":false,"template":"","format":"standard","meta":{"footnotes":""},"categories":[14122],"tags":[2,19532,1950,20,22759],"class_list":["post-74559","post","type-post","status-publish","format-standard","has-post-thumbnail","hentry","category-politica","tag-blog-do-edvaldo-magalhaes","tag-blog-mais-acessado-e-visualizado-de-caruaru-e-regiao","tag-noticias-de-caruaru","tag-politica","tag-requerimento-do-vereador-jorge-quintino-que-solicita-acessibilidade-ao-sistema-de-apoio-ao-processo-legislativo-sapl-e-atendido"],"_links":{"self":[{"href":"https:\/\/blogdoedvaldomagalhaes.com.br\/index.php\/wp-json\/wp\/v2\/posts\/74559","targetHints":{"allow":["GET"]}}],"collection":[{"href":"https:\/\/blogdoedvaldomagalhaes.com.br\/index.php\/wp-json\/wp\/v2\/posts"}],"about":[{"href":"https:\/\/blogdoedvaldomagalhaes.com.br\/index.php\/wp-json\/wp\/v2\/types\/post"}],"author":[{"embeddable":true,"href":"https:\/\/blogdoedvaldomagalhaes.com.br\/index.php\/wp-json\/wp\/v2\/users\/1"}],"replies":[{"embeddable":true,"href":"https:\/\/blogdoedvaldomagalhaes.com.br\/index.php\/wp-json\/wp\/v2\/comments?post=74559"}],"version-history":[{"count":3,"href":"https:\/\/blogdoedvaldomagalhaes.com.br\/index.php\/wp-json\/wp\/v2\/posts\/74559\/revisions"}],"predecessor-version":[{"id":74566,"href":"https:\/\/blogdoedvaldomagalhaes.com.br\/index.php\/wp-json\/wp\/v2\/posts\/74559\/revisions\/74566"}],"wp:featuredmedia":[{"embeddable":true,"href":"https:\/\/blogdoedvaldomagalhaes.com.br\/index.php\/wp-json\/wp\/v2\/media\/74560"}],"wp:attachment":[{"href":"https:\/\/blogdoedvaldomagalhaes.com.br\/index.php\/wp-json\/wp\/v2\/media?parent=74559"}],"wp:term":[{"taxonomy":"category","embeddable":true,"href":"https:\/\/blogdoedvaldomagalhaes.com.br\/index.php\/wp-json\/wp\/v2\/categories?post=74559"},{"taxonomy":"post_tag","embeddable":true,"href":"https:\/\/blogdoedvaldomagalhaes.com.br\/index.php\/wp-json\/wp\/v2\/tags?post=74559"}],"curies":[{"name":"wp","href":"https:\/\/api.w.org\/{rel}","templated":true}]}}