{"id":7455,"date":"2016-12-07T16:25:00","date_gmt":"2016-12-07T18:25:00","guid":{"rendered":"http:\/\/blogdoedvaldomagalhaes.com.br\/index.php\/2016\/12\/07\/governo-de-pernambuco-antecipa-prazos\/"},"modified":"2019-02-09T01:09:08","modified_gmt":"2019-02-09T03:09:08","slug":"governo-de-pernambuco-antecipa-prazos","status":"publish","type":"post","link":"https:\/\/blogdoedvaldomagalhaes.com.br\/index.php\/2016\/12\/07\/governo-de-pernambuco-antecipa-prazos\/","title":{"rendered":"Governo de Pernambuco antecipa prazos do IPVA para ve\u00edculos usados"},"content":{"rendered":"<div class=\"separator\" style=\"clear: both; text-align: center;\">\n<a href=\"https:\/\/2.bp.blogspot.com\/-o_l6__N6Rqk\/WEg3HJ7qsII\/AAAAAAAALHk\/NiAXbX6GB8k81yNKDhOHvbwoW-XIuor1gCLcB\/s1600\/ipva.jpg\" imageanchor=\"1\" style=\"margin-left: 1em; margin-right: 1em;\"><img loading=\"lazy\" decoding=\"async\" border=\"0\" height=\"258\" src=\"http:\/\/blogdoedvaldomagalhaes.com.br\/wp-content\/uploads\/2016\/12\/ipva.jpg\" width=\"400\" \/><\/a><\/div>\n<div class=\"separator\" style=\"clear: both; text-align: center;\">\nFoto ilustrativa<\/div>\n<div style=\"color: #333333; font-family: &quot;Open Sans&quot;, sans-serif; font-size: 15px; list-style: none; text-align: justify;\">\n<\/div>\n<div style=\"list-style: none; text-align: justify;\">\nO Governo de Pernambuco publicou um decreto na edi\u00e7\u00e3o desta quarta-feira (07) do Di\u00e1rio Oficial que disp\u00f5e sobre o Imposto sobre a Propriedade de Ve\u00edculos Automotores (IPVA) de 2017, relativo a ve\u00edculos usados. De acordo com as informa\u00e7\u00f5es o decreto, a primeira cota do IPVA passa a ser cobrada j\u00e1 em janeiro.&nbsp;<\/div>\n<div style=\"list-style: none; text-align: justify;\">\n<br style=\"list-style: none;\" \/>Os propriet\u00e1rios devem ficar atentos. Quem tiver ve\u00edculos com a placa terminada em 1 e 2, a primeira cota tem o prazo estabelecido para 17 de janeiro. A \u00faltima cota para todos os ve\u00edculos vence em mar\u00e7o. O cronograma de prazo de quita\u00e7\u00e3o segue calend\u00e1rio de acordo com o \u00faltimo d\u00edgito da placa do carro.&nbsp;<\/p>\n<p><\/p>\n<div class=\"separator\" style=\"clear: both; text-align: center;\">\n<a href=\"https:\/\/3.bp.blogspot.com\/-xAAbNFIQ5LY\/WEg5CGiT-zI\/AAAAAAAALHw\/lEcMpO3c-wQR01BkNs0uj5O6JqMxgLWvwCLcB\/s1600\/imagem.jpg\" imageanchor=\"1\" style=\"margin-left: 1em; margin-right: 1em;\"><img loading=\"lazy\" decoding=\"async\" border=\"0\" height=\"220\" src=\"http:\/\/blogdoedvaldomagalhaes.com.br\/wp-content\/uploads\/2016\/12\/imagem.jpg\" width=\"400\" \/><\/a><\/div>\n<p><\/div>\n","protected":false},"excerpt":{"rendered":"<p>Foto ilustrativa O Governo de Pernambuco publicou um decreto na edi\u00e7\u00e3o desta quarta-feira (07) do Di\u00e1rio Oficial que disp\u00f5e sobre&hellip;<\/p>\n","protected":false},"author":1,"featured_media":0,"comment_status":"open","ping_status":"open","sticky":false,"template":"","format":"standard","meta":{"footnotes":""},"categories":[1],"tags":[2,10561,6],"class_list":["post-7455","post","type-post","status-publish","format-standard","hentry","category-sem-categoria","tag-blog-do-edvaldo-magalhaes","tag-governo-de-pernambuco-antecipa-prazos-do-ipva-para-veiculos-usados","tag-noticias"],"_links":{"self":[{"href":"https:\/\/blogdoedvaldomagalhaes.com.br\/index.php\/wp-json\/wp\/v2\/posts\/7455","targetHints":{"allow":["GET"]}}],"collection":[{"href":"https:\/\/blogdoedvaldomagalhaes.com.br\/index.php\/wp-json\/wp\/v2\/posts"}],"about":[{"href":"https:\/\/blogdoedvaldomagalhaes.com.br\/index.php\/wp-json\/wp\/v2\/types\/post"}],"author":[{"embeddable":true,"href":"https:\/\/blogdoedvaldomagalhaes.com.br\/index.php\/wp-json\/wp\/v2\/users\/1"}],"replies":[{"embeddable":true,"href":"https:\/\/blogdoedvaldomagalhaes.com.br\/index.php\/wp-json\/wp\/v2\/comments?post=7455"}],"version-history":[{"count":1,"href":"https:\/\/blogdoedvaldomagalhaes.com.br\/index.php\/wp-json\/wp\/v2\/posts\/7455\/revisions"}],"predecessor-version":[{"id":14800,"href":"https:\/\/blogdoedvaldomagalhaes.com.br\/index.php\/wp-json\/wp\/v2\/posts\/7455\/revisions\/14800"}],"wp:attachment":[{"href":"https:\/\/blogdoedvaldomagalhaes.com.br\/index.php\/wp-json\/wp\/v2\/media?parent=7455"}],"wp:term":[{"taxonomy":"category","embeddable":true,"href":"https:\/\/blogdoedvaldomagalhaes.com.br\/index.php\/wp-json\/wp\/v2\/categories?post=7455"},{"taxonomy":"post_tag","embeddable":true,"href":"https:\/\/blogdoedvaldomagalhaes.com.br\/index.php\/wp-json\/wp\/v2\/tags?post=7455"}],"curies":[{"name":"wp","href":"https:\/\/api.w.org\/{rel}","templated":true}]}}