{"id":74548,"date":"2021-09-10T19:22:03","date_gmt":"2021-09-10T22:22:03","guid":{"rendered":"https:\/\/blogdoedvaldomagalhaes.com.br\/?p=74548"},"modified":"2021-09-10T19:35:26","modified_gmt":"2021-09-10T22:35:26","slug":"adolescente-de-15-anos-e-morto-a-tiros-em-caruaru-nesta-sexta-feira-10","status":"publish","type":"post","link":"https:\/\/blogdoedvaldomagalhaes.com.br\/index.php\/2021\/09\/10\/adolescente-de-15-anos-e-morto-a-tiros-em-caruaru-nesta-sexta-feira-10\/","title":{"rendered":"Adolescente de 15 anos \u00e9 morto a tiros em Caruaru nesta sexta-feira (10)"},"content":{"rendered":"<p style=\"text-align: justify;\">O adolescente Erick Gabriel da Silva, de 15 anos, foi morto a tiros no Monte Bom Jesus, ao lado bairro Centen\u00e1rio, na noite desta sexta-feira (10).<\/p>\n<p style=\"text-align: justify;\">Segundo familiares, a v\u00edtima tinha envolvimento com drogas, e morava com a m\u00e3e no bairro S\u00e3o Jo\u00e3o da Esc\u00f3cia.<\/p>\n<p style=\"text-align: justify;\">A Pol\u00edcia Militar fez o isolamento do local. Ap\u00f3s per\u00edcia, o corpo ser\u00e1 encaminhado para o Instituto de Medicina Legal (IML).<\/p>\n<p style=\"text-align: justify;\">Esse foi o 2\u00ba homic\u00eddio do m\u00eas de setembro, e o 75\u00b0 no ano de 2021, em Caruaru.<\/p>\n\n\n<figure class=\"wp-block-image size-large\"><img loading=\"lazy\" decoding=\"async\" width=\"532\" height=\"619\" src=\"https:\/\/blogdoedvaldomagalhaes.com.br\/wp-content\/uploads\/2021\/09\/IMG-20210910-WA0240.jpg\" alt=\"\" class=\"wp-image-74551\" srcset=\"https:\/\/blogdoedvaldomagalhaes.com.br\/wp-content\/uploads\/2021\/09\/IMG-20210910-WA0240.jpg 532w, https:\/\/blogdoedvaldomagalhaes.com.br\/wp-content\/uploads\/2021\/09\/IMG-20210910-WA0240-258x300.jpg 258w\" sizes=\"auto, (max-width: 532px) 100vw, 532px\" \/><figcaption>Erick Gabriel da Silva<\/figcaption><\/figure>\n","protected":false},"excerpt":{"rendered":"<p>O adolescente Erick Gabriel da Silva, de 15 anos, foi morto a tiros no Monte Bom Jesus, ao lado bairro&hellip;<\/p>\n","protected":false},"author":1,"featured_media":74549,"comment_status":"open","ping_status":"open","sticky":false,"template":"","format":"standard","meta":{"footnotes":""},"categories":[14121],"tags":[22756,2,19532,1950],"class_list":["post-74548","post","type-post","status-publish","format-standard","has-post-thumbnail","hentry","category-policial","tag-adolescente-de-15-anos-e-morto-a-tiros-em-caruaru-nesta-sexta-feira-10","tag-blog-do-edvaldo-magalhaes","tag-blog-mais-acessado-e-visualizado-de-caruaru-e-regiao","tag-noticias-de-caruaru"],"_links":{"self":[{"href":"https:\/\/blogdoedvaldomagalhaes.com.br\/index.php\/wp-json\/wp\/v2\/posts\/74548","targetHints":{"allow":["GET"]}}],"collection":[{"href":"https:\/\/blogdoedvaldomagalhaes.com.br\/index.php\/wp-json\/wp\/v2\/posts"}],"about":[{"href":"https:\/\/blogdoedvaldomagalhaes.com.br\/index.php\/wp-json\/wp\/v2\/types\/post"}],"author":[{"embeddable":true,"href":"https:\/\/blogdoedvaldomagalhaes.com.br\/index.php\/wp-json\/wp\/v2\/users\/1"}],"replies":[{"embeddable":true,"href":"https:\/\/blogdoedvaldomagalhaes.com.br\/index.php\/wp-json\/wp\/v2\/comments?post=74548"}],"version-history":[{"count":2,"href":"https:\/\/blogdoedvaldomagalhaes.com.br\/index.php\/wp-json\/wp\/v2\/posts\/74548\/revisions"}],"predecessor-version":[{"id":74552,"href":"https:\/\/blogdoedvaldomagalhaes.com.br\/index.php\/wp-json\/wp\/v2\/posts\/74548\/revisions\/74552"}],"wp:featuredmedia":[{"embeddable":true,"href":"https:\/\/blogdoedvaldomagalhaes.com.br\/index.php\/wp-json\/wp\/v2\/media\/74549"}],"wp:attachment":[{"href":"https:\/\/blogdoedvaldomagalhaes.com.br\/index.php\/wp-json\/wp\/v2\/media?parent=74548"}],"wp:term":[{"taxonomy":"category","embeddable":true,"href":"https:\/\/blogdoedvaldomagalhaes.com.br\/index.php\/wp-json\/wp\/v2\/categories?post=74548"},{"taxonomy":"post_tag","embeddable":true,"href":"https:\/\/blogdoedvaldomagalhaes.com.br\/index.php\/wp-json\/wp\/v2\/tags?post=74548"}],"curies":[{"name":"wp","href":"https:\/\/api.w.org\/{rel}","templated":true}]}}