{"id":74545,"date":"2021-09-10T16:14:04","date_gmt":"2021-09-10T19:14:04","guid":{"rendered":"https:\/\/blogdoedvaldomagalhaes.com.br\/?p=74545"},"modified":"2021-09-10T16:14:05","modified_gmt":"2021-09-10T19:14:05","slug":"2-mutirao-da-negociacao-divida-zero-sera-realizado-em-caruaru","status":"publish","type":"post","link":"https:\/\/blogdoedvaldomagalhaes.com.br\/index.php\/2021\/09\/10\/2-mutirao-da-negociacao-divida-zero-sera-realizado-em-caruaru\/","title":{"rendered":"2\u00b0 Mutir\u00e3o da Negocia\u00e7\u00e3o &#8211; D\u00edvida Zero, ser\u00e1 realizado em Caruaru"},"content":{"rendered":"<p style=\"text-align: justify;\"><span style=\"font-size: inherit;\">A OAB Caruaru, por meio da Comiss\u00e3o de Defesa do Consumidor e da Comiss\u00e3o de Concilia\u00e7\u00e3o e Media\u00e7\u00e3o, e em parceria com o Shopping Difusora e com n\u00facleo ProEndividados, vinculado ao Tribunal de Justi\u00e7a de Pernambuco (TJPE) e conveniado com a Asces-Unita, realiza nos dias 16 e 17 de setembro o 2\u00ba Mutir\u00e3o da Negocia\u00e7\u00e3o \u2013 D\u00edvida Zero.<\/span><\/p>\n<p style=\"text-align: justify;\">O objetivo da a\u00e7\u00e3o \u00e9 atender e ajudar a popula\u00e7\u00e3o em geral, em especial os consumidores que estejam com d\u00edvidas acumuladas, e desejam negociar tais d\u00e9bitos com seus credores. Os interessados devem comparecer para o atendimento que ir\u00e1 acontecer das 10h \u00e0s 18h, na arena de eventos do Shopping Difusora, no 1\u00ba piso, portando os documentos pessoais e c\u00f3pias de identidade e CPF, comprovante de resid\u00eancia e um comprovante atual da d\u00edvida que deseja negociar.<\/p>\n<p style=\"text-align: justify;\">Na ocasi\u00e3o ser\u00e1 feita uma an\u00e1lise da documenta\u00e7\u00e3o e o encaminhamento para o n\u00facleo ProEndividados para que, posteriormente, as empresas credoras sejam convocadas para as audi\u00eancias de concilia\u00e7\u00e3o, juntamente com o consumidor que deseja negociar a d\u00edvida.<\/p>\n<p style=\"text-align: justify;\">Essa \u00e9 a segunda edi\u00e7\u00e3o da a\u00e7\u00e3o que atendeu centenas de consumidores endividados em 2020 e pretende, esse ano, atender ainda mais com a realiza\u00e7\u00e3o do mutir\u00e3o em dois dias. Os consumidores poder\u00e3o negociar diversos tipos de d\u00edvidas, como por exemplo, d\u00e9bitos banc\u00e1rios, de cart\u00e3o de cr\u00e9dito, telefonia, entre outros.<\/p>\n","protected":false},"excerpt":{"rendered":"<p>A OAB Caruaru, por meio da Comiss\u00e3o de Defesa do Consumidor e da Comiss\u00e3o de Concilia\u00e7\u00e3o e Media\u00e7\u00e3o, e em&hellip;<\/p>\n","protected":false},"author":1,"featured_media":74546,"comment_status":"open","ping_status":"open","sticky":false,"template":"","format":"standard","meta":{"footnotes":""},"categories":[14120],"tags":[22755,2,19532,3406],"class_list":["post-74545","post","type-post","status-publish","format-standard","has-post-thumbnail","hentry","category-noticias","tag-2-mutirao-da-negociacao-divida-zero-sera-realizado-em-caruaru","tag-blog-do-edvaldo-magalhaes","tag-blog-mais-acessado-e-visualizado-de-caruaru-e-regiao","tag-caruaru"],"_links":{"self":[{"href":"https:\/\/blogdoedvaldomagalhaes.com.br\/index.php\/wp-json\/wp\/v2\/posts\/74545","targetHints":{"allow":["GET"]}}],"collection":[{"href":"https:\/\/blogdoedvaldomagalhaes.com.br\/index.php\/wp-json\/wp\/v2\/posts"}],"about":[{"href":"https:\/\/blogdoedvaldomagalhaes.com.br\/index.php\/wp-json\/wp\/v2\/types\/post"}],"author":[{"embeddable":true,"href":"https:\/\/blogdoedvaldomagalhaes.com.br\/index.php\/wp-json\/wp\/v2\/users\/1"}],"replies":[{"embeddable":true,"href":"https:\/\/blogdoedvaldomagalhaes.com.br\/index.php\/wp-json\/wp\/v2\/comments?post=74545"}],"version-history":[{"count":1,"href":"https:\/\/blogdoedvaldomagalhaes.com.br\/index.php\/wp-json\/wp\/v2\/posts\/74545\/revisions"}],"predecessor-version":[{"id":74547,"href":"https:\/\/blogdoedvaldomagalhaes.com.br\/index.php\/wp-json\/wp\/v2\/posts\/74545\/revisions\/74547"}],"wp:featuredmedia":[{"embeddable":true,"href":"https:\/\/blogdoedvaldomagalhaes.com.br\/index.php\/wp-json\/wp\/v2\/media\/74546"}],"wp:attachment":[{"href":"https:\/\/blogdoedvaldomagalhaes.com.br\/index.php\/wp-json\/wp\/v2\/media?parent=74545"}],"wp:term":[{"taxonomy":"category","embeddable":true,"href":"https:\/\/blogdoedvaldomagalhaes.com.br\/index.php\/wp-json\/wp\/v2\/categories?post=74545"},{"taxonomy":"post_tag","embeddable":true,"href":"https:\/\/blogdoedvaldomagalhaes.com.br\/index.php\/wp-json\/wp\/v2\/tags?post=74545"}],"curies":[{"name":"wp","href":"https:\/\/api.w.org\/{rel}","templated":true}]}}