{"id":74542,"date":"2021-09-10T14:43:05","date_gmt":"2021-09-10T17:43:05","guid":{"rendered":"https:\/\/blogdoedvaldomagalhaes.com.br\/?p=74542"},"modified":"2021-09-10T14:43:06","modified_gmt":"2021-09-10T17:43:06","slug":"caruaru-tera-testagem-em-massa-nas-feiras-livres-neste-fim-de-semana","status":"publish","type":"post","link":"https:\/\/blogdoedvaldomagalhaes.com.br\/index.php\/2021\/09\/10\/caruaru-tera-testagem-em-massa-nas-feiras-livres-neste-fim-de-semana\/","title":{"rendered":"Caruaru ter\u00e1 testagem em massa nas feiras livres neste fim de semana"},"content":{"rendered":"<p style=\"text-align: justify;\"><span style=\"font-size: inherit;\">A Secretaria de Sa\u00fade de Caruaru, realiza neste fim de semana\u00a0 de 10 a 14 de setembro, testagem em massa nas feiras do munic\u00edpio. A a\u00e7\u00e3o contar\u00e1 com testes de ant\u00edgeno, que \u00e9 r\u00e1pido e indolor, capaz de detectar a prote\u00edna viral do Sars-CoV-2, que, quando apresenta resultado positivo, significa infec\u00e7\u00e3o viral ativa. Para realizar os testes durante as a\u00e7\u00f5es, n\u00e3o ser\u00e1 necess\u00e1rio agendamento.<\/span><\/p>\n<p style=\"text-align: justify;\">\u201cAs a\u00e7\u00f5es itinerantes de testagem s\u00e3o rotina e visam alcan\u00e7ar um p\u00fablico maior, al\u00e9m daquelas pessoas que j\u00e1 utilizam o Centro Municipal de Testagem. Com esses resultados, conseguimos entender o perfil epidemiol\u00f3gico e observar a circula\u00e7\u00e3o viral no munic\u00edpio\u201d, disse a secret\u00e1ria executiva de Aten\u00e7\u00e3o B\u00e1sica, Sarah Rafael.<\/p>\n<p style=\"text-align: justify;\">As pessoas que apresentarem sintomas leves, como coriza, aus\u00eancia de paladar e olfato, febre e dor de garganta, e optarem por realizar a testagem fora das a\u00e7\u00f5es, devem fazer o agendamento pelo site http:\/\/testefacil.caruaru.pe.gov.br ou na Unidade B\u00e1sica de Sa\u00fade mais pr\u00f3xima. O servi\u00e7o funciona das 7h30 \u00e0s 12h e das 13h \u00e0s 16h30, de segunda a sexta.<\/p>\n<p style=\"text-align: justify;\">J\u00e1 para as pessoas consideradas graves, que apresentam coriza, febre persistente, tosse, falta de ar e dor ou press\u00e3o no t\u00f3rax, devem procurar a UPA Respirat\u00f3ria 24h.<\/p>\n<p style=\"text-align: justify;\">*Servi\u00e7o:*<\/p>\n<p style=\"text-align: justify;\">Data: 10\/09 (sexta-feira)<br \/>\nLocal: Feira do Bairro S\u00e3o Francisco<br \/>\nHor\u00e1rio: das 8h \u00e0s 11h<\/p>\n<p style=\"text-align: justify;\">Data: 11\/09 (s\u00e1bado)<br \/>\nLocal: Feira do Salgado &#8211; P\u00e1tio de Eventos<br \/>\nHor\u00e1rio: das 8h \u00e0s 11h<\/p>\n<p style=\"text-align: justify;\">Data: 12\/09 (domingo)<br \/>\nLocal: Feira da Boa Vista<br \/>\nHor\u00e1rio: das 8h \u00e0s 11h<\/p>\n<p style=\"text-align: justify;\">Data: 13\/09 (segunda-feira)<br \/>\nLocal: Feira da Sulanca<br \/>\nHor\u00e1rio: das 8h \u00e0s 11h<\/p>\n<p style=\"text-align: justify;\">Data: 14\/09 (ter\u00e7a-feira)<br \/>\nLocal: Feira do Gado<br \/>\nHor\u00e1rio: das 8h \u00e0s 11h<\/p>\n<p style=\"text-align: justify;\">Foto: Jana\u00edna Pepeu.<\/p>\n","protected":false},"excerpt":{"rendered":"<p>A Secretaria de Sa\u00fade de Caruaru, realiza neste fim de semana\u00a0 de 10 a 14 de setembro, testagem em massa&hellip;<\/p>\n","protected":false},"author":1,"featured_media":74543,"comment_status":"open","ping_status":"open","sticky":false,"template":"","format":"standard","meta":{"footnotes":""},"categories":[14120],"tags":[2,19532,22754,17559,1950,19670],"class_list":["post-74542","post","type-post","status-publish","format-standard","has-post-thumbnail","hentry","category-noticias","tag-blog-do-edvaldo-magalhaes","tag-blog-mais-acessado-e-visualizado-de-caruaru-e-regiao","tag-caruaru-tera-testagem-em-massa-nas-feiras-neste-fim-de-semana","tag-covid-19","tag-noticias-de-caruaru","tag-novo-coronavirus"],"_links":{"self":[{"href":"https:\/\/blogdoedvaldomagalhaes.com.br\/index.php\/wp-json\/wp\/v2\/posts\/74542","targetHints":{"allow":["GET"]}}],"collection":[{"href":"https:\/\/blogdoedvaldomagalhaes.com.br\/index.php\/wp-json\/wp\/v2\/posts"}],"about":[{"href":"https:\/\/blogdoedvaldomagalhaes.com.br\/index.php\/wp-json\/wp\/v2\/types\/post"}],"author":[{"embeddable":true,"href":"https:\/\/blogdoedvaldomagalhaes.com.br\/index.php\/wp-json\/wp\/v2\/users\/1"}],"replies":[{"embeddable":true,"href":"https:\/\/blogdoedvaldomagalhaes.com.br\/index.php\/wp-json\/wp\/v2\/comments?post=74542"}],"version-history":[{"count":1,"href":"https:\/\/blogdoedvaldomagalhaes.com.br\/index.php\/wp-json\/wp\/v2\/posts\/74542\/revisions"}],"predecessor-version":[{"id":74544,"href":"https:\/\/blogdoedvaldomagalhaes.com.br\/index.php\/wp-json\/wp\/v2\/posts\/74542\/revisions\/74544"}],"wp:featuredmedia":[{"embeddable":true,"href":"https:\/\/blogdoedvaldomagalhaes.com.br\/index.php\/wp-json\/wp\/v2\/media\/74543"}],"wp:attachment":[{"href":"https:\/\/blogdoedvaldomagalhaes.com.br\/index.php\/wp-json\/wp\/v2\/media?parent=74542"}],"wp:term":[{"taxonomy":"category","embeddable":true,"href":"https:\/\/blogdoedvaldomagalhaes.com.br\/index.php\/wp-json\/wp\/v2\/categories?post=74542"},{"taxonomy":"post_tag","embeddable":true,"href":"https:\/\/blogdoedvaldomagalhaes.com.br\/index.php\/wp-json\/wp\/v2\/tags?post=74542"}],"curies":[{"name":"wp","href":"https:\/\/api.w.org\/{rel}","templated":true}]}}