{"id":7454,"date":"2016-12-07T16:37:00","date_gmt":"2016-12-07T18:37:00","guid":{"rendered":"http:\/\/blogdoedvaldomagalhaes.com.br\/index.php\/2016\/12\/07\/ator-global-que-vai-interpretar-jesus\/"},"modified":"2019-02-09T01:09:08","modified_gmt":"2019-02-09T03:09:08","slug":"ator-global-que-vai-interpretar-jesus","status":"publish","type":"post","link":"https:\/\/blogdoedvaldomagalhaes.com.br\/index.php\/2016\/12\/07\/ator-global-que-vai-interpretar-jesus\/","title":{"rendered":"Ator global que vai interpretar Jesus na Paix\u00e3o de Cristo 2017 est\u00e1 em Nova Jerusal\u00e9m"},"content":{"rendered":"<div class=\"separator\" style=\"clear: both; text-align: center;\">\n<a href=\"https:\/\/3.bp.blogspot.com\/-Pe5-VNwkVNc\/WEg5oVWBs1I\/AAAAAAAALH0\/k75O_gDn8D8KQilK9v-pQ0drmxUFz_k6QCLcB\/s1600\/paix%25C3%25A3o.jpg\" imageanchor=\"1\" style=\"margin-left: 1em; margin-right: 1em;\"><img loading=\"lazy\" decoding=\"async\" border=\"0\" height=\"243\" src=\"http:\/\/blogdoedvaldomagalhaes.com.br\/wp-content\/uploads\/2016\/12\/paixC3A3o.jpg\" width=\"400\" \/><\/a><\/div>\n<div class=\"separator\" style=\"clear: both; text-align: center;\">\nFoto do ator R\u00f4mulo Neto<\/div>\n<div style=\"color: #333333; font-family: &quot;Open Sans&quot;, sans-serif; font-size: 15px; list-style: none; text-align: justify;\">\n<\/div>\n<div style=\"list-style: none; text-align: justify;\">\nO ator R\u00f4mulo Neto e outros integrantes do elenco da Paix\u00e3o de Cristo de Nova Jerusal\u00e9m est\u00e3o na cidade teatro, em Fazenda Nova, gravando as imagens para os filmes de divulga\u00e7\u00e3o do espet\u00e1culo, que acontecer\u00e1 na Semana Santa, de 08 a 15 de abril de 2017. Interpretando o papel de Jesus, R\u00f4mulo dividir\u00e1 os nove palcos da cidade-teatro com Let\u00edcia Birkheuer, (Maria), Rafael Viana, (Herodes), Joaquim Lopes (Pilatos), al\u00e9m da jovem atriz Adriana Birolli (Madalena), da modelo Aline Riscado (Herod\u00edades) e do modelo e ator Jesus Luz (ap\u00f3stolo Jo\u00e3o).&nbsp;<\/div>\n<div style=\"list-style: none; text-align: justify;\">\n<\/div>\n<div style=\"list-style: none; text-align: justify;\">\nAs cenas com os demais atores ser\u00e3o gravadas ao longo desta semana, finalizando no domingo (11). R\u00f4mulo Neto j\u00e1 gravou cenas da tenta\u00e7\u00e3o de Jesus no deserto.<\/p>\n<p><\/p>\n<div class=\"separator\" style=\"clear: both; text-align: center;\">\n<a href=\"https:\/\/2.bp.blogspot.com\/-uC7FGi6752g\/WEi1Nt-_ksI\/AAAAAAAALK4\/eEP22zStDgc9GE4oMQOhy9KOGKLKARTHwCEw\/s1600\/paix%25C3%25A3o.jpg\" imageanchor=\"1\" style=\"margin-left: 1em; margin-right: 1em;\"><img loading=\"lazy\" decoding=\"async\" border=\"0\" height=\"400\" src=\"http:\/\/blogdoedvaldomagalhaes.com.br\/wp-content\/uploads\/2016\/12\/paixC3A3o-1.jpg\" width=\"328\" \/><\/a><\/div>\n<div class=\"separator\" style=\"clear: both; text-align: center;\">\n<\/div>\n<div class=\"separator\" style=\"clear: both; text-align: center;\">\n<a href=\"https:\/\/4.bp.blogspot.com\/-YTKcQ7yIPGg\/WEjM_v0KoDI\/AAAAAAAALLg\/7zcw2uGvccMNAbrfL5enqKjXxWv-JB5hQCLcB\/s1600\/paix%25C3%25A3o.jpg\" imageanchor=\"1\" style=\"margin-left: 1em; margin-right: 1em;\"><img loading=\"lazy\" decoding=\"async\" border=\"0\" height=\"225\" src=\"http:\/\/blogdoedvaldomagalhaes.com.br\/wp-content\/uploads\/2016\/12\/paixC3A3o-2.jpg\" width=\"400\" \/><\/a><\/div>\n<\/div>\n","protected":false},"excerpt":{"rendered":"<p>Foto do ator R\u00f4mulo Neto O ator R\u00f4mulo Neto e outros integrantes do elenco da Paix\u00e3o de Cristo de Nova&hellip;<\/p>\n","protected":false},"author":1,"featured_media":0,"comment_status":"open","ping_status":"open","sticky":false,"template":"","format":"standard","meta":{"footnotes":""},"categories":[1],"tags":[10321,10559,2,9718,9719,6,10560,9721],"class_list":["post-7454","post","type-post","status-publish","format-standard","hentry","category-sem-categoria","tag-aline-riscado","tag-ator-global-que-vai-interpretar-jesus-na-paixao-de-cristo-2017-esta-em-nova-jerusalem","tag-blog-do-edvaldo-magalhaes","tag-joaquim-lopes","tag-leticia-birkheuer","tag-noticias","tag-rafael-viana","tag-romulo-neto"],"_links":{"self":[{"href":"https:\/\/blogdoedvaldomagalhaes.com.br\/index.php\/wp-json\/wp\/v2\/posts\/7454","targetHints":{"allow":["GET"]}}],"collection":[{"href":"https:\/\/blogdoedvaldomagalhaes.com.br\/index.php\/wp-json\/wp\/v2\/posts"}],"about":[{"href":"https:\/\/blogdoedvaldomagalhaes.com.br\/index.php\/wp-json\/wp\/v2\/types\/post"}],"author":[{"embeddable":true,"href":"https:\/\/blogdoedvaldomagalhaes.com.br\/index.php\/wp-json\/wp\/v2\/users\/1"}],"replies":[{"embeddable":true,"href":"https:\/\/blogdoedvaldomagalhaes.com.br\/index.php\/wp-json\/wp\/v2\/comments?post=7454"}],"version-history":[{"count":1,"href":"https:\/\/blogdoedvaldomagalhaes.com.br\/index.php\/wp-json\/wp\/v2\/posts\/7454\/revisions"}],"predecessor-version":[{"id":14804,"href":"https:\/\/blogdoedvaldomagalhaes.com.br\/index.php\/wp-json\/wp\/v2\/posts\/7454\/revisions\/14804"}],"wp:attachment":[{"href":"https:\/\/blogdoedvaldomagalhaes.com.br\/index.php\/wp-json\/wp\/v2\/media?parent=7454"}],"wp:term":[{"taxonomy":"category","embeddable":true,"href":"https:\/\/blogdoedvaldomagalhaes.com.br\/index.php\/wp-json\/wp\/v2\/categories?post=7454"},{"taxonomy":"post_tag","embeddable":true,"href":"https:\/\/blogdoedvaldomagalhaes.com.br\/index.php\/wp-json\/wp\/v2\/tags?post=7454"}],"curies":[{"name":"wp","href":"https:\/\/api.w.org\/{rel}","templated":true}]}}