{"id":7453,"date":"2016-12-07T16:43:00","date_gmt":"2016-12-07T18:43:00","guid":{"rendered":"http:\/\/blogdoedvaldomagalhaes.com.br\/index.php\/2016\/12\/07\/polo-caruaru-sedia-desfile-do-concurso\/"},"modified":"2019-02-09T01:09:09","modified_gmt":"2019-02-09T03:09:09","slug":"polo-caruaru-sedia-desfile-do-concurso","status":"publish","type":"post","link":"https:\/\/blogdoedvaldomagalhaes.com.br\/index.php\/2016\/12\/07\/polo-caruaru-sedia-desfile-do-concurso\/","title":{"rendered":"Polo Caruaru sedia desfile do Concurso Mister Pernambuco 2017"},"content":{"rendered":"<div class=\"separator\" style=\"clear: both; text-align: center;\">\n<a href=\"https:\/\/2.bp.blogspot.com\/-HJ6UHzxNx_A\/WEg74wwdYAI\/AAAAAAAALH8\/7P99492g7F8o4ohFv-KH7uJWyY4IdIIjgCLcB\/s1600\/polo.jpg\" imageanchor=\"1\" style=\"margin-left: 1em; margin-right: 1em;\"><img loading=\"lazy\" decoding=\"async\" border=\"0\" height=\"256\" src=\"http:\/\/blogdoedvaldomagalhaes.com.br\/wp-content\/uploads\/2016\/12\/polo-1.jpg\" width=\"400\" \/><\/a><\/div>\n<div class=\"m_-7859048064880312536x_MsoNormal\" style=\"background-color: white; color: #222222; font-family: Calibri, Arial, Helvetica, sans-serif; font-size: 16px;\">\n<\/div>\n<div class=\"m_-7859048064880312536x_MsoNormal\" style=\"background-color: white; color: #222222; text-align: justify;\">\nA partir das 16h desta quinta-feira (8), os participantes do 9\u00ba Concurso Mister Pernambuco 2017, ir\u00e3o desfilar para o p\u00fablico com roupas da cole\u00e7\u00e3o Primavera\/Ver\u00e3o do Polo Caruaru. Os modelos ir\u00e3o vestir as tend\u00eancias e novidades do Polo de Confec\u00e7\u00f5es do Agreste.<\/div>\n<div class=\"m_-7859048064880312536x_MsoNormal\" style=\"background-color: white; color: #222222; text-align: justify;\">\n<\/div>\n<div class=\"m_-7859048064880312536x_MsoNormal\" style=\"background-color: white; color: #222222; text-align: justify;\">\nO desfile \u00e9 uma das etapas do 9\u00ba Concurso Mister Pernambuco 2017 e vai contar com a participa\u00e7\u00e3o da Miss Pernambuco 2016, Talita Martins, e da atual Miss Caruaru, Eslov\u00eania Marques. O concurso se encerra no s\u00e1bado (10), no Recife, com o resultado do vencedor, atrav\u00e9s do j\u00fari escolhido.<\/div>\n<div class=\"m_-7859048064880312536x_MsoNormal\" style=\"background-color: white; color: #222222; text-align: justify;\">\n<\/div>\n<div class=\"m_-7859048064880312536x_MsoNormal\" style=\"background-color: white; color: #222222; text-align: justify;\">\nO desfile ser\u00e1 aberto ao p\u00fablico. O Polo Caruaru funciona das 9h \u00e0s 18h e fica no km 62 da BR 104.<\/div>\n","protected":false},"excerpt":{"rendered":"<p>A partir das 16h desta quinta-feira (8), os participantes do 9\u00ba Concurso Mister Pernambuco 2017, ir\u00e3o desfilar para o p\u00fablico&hellip;<\/p>\n","protected":false},"author":1,"featured_media":0,"comment_status":"open","ping_status":"open","sticky":false,"template":"","format":"standard","meta":{"footnotes":""},"categories":[1],"tags":[2,3132,10555,10556,6,10557,9467,10558],"class_list":["post-7453","post","type-post","status-publish","format-standard","hentry","category-sem-categoria","tag-blog-do-edvaldo-magalhaes","tag-br-104","tag-eslovenia-marques","tag-miss-caruaru","tag-noticias","tag-polo-caruaru-sedia-desfile-do-concurso-mister-pernambuco-2017","tag-polo-de-confeccoes-do-agreste","tag-talita-martins"],"_links":{"self":[{"href":"https:\/\/blogdoedvaldomagalhaes.com.br\/index.php\/wp-json\/wp\/v2\/posts\/7453","targetHints":{"allow":["GET"]}}],"collection":[{"href":"https:\/\/blogdoedvaldomagalhaes.com.br\/index.php\/wp-json\/wp\/v2\/posts"}],"about":[{"href":"https:\/\/blogdoedvaldomagalhaes.com.br\/index.php\/wp-json\/wp\/v2\/types\/post"}],"author":[{"embeddable":true,"href":"https:\/\/blogdoedvaldomagalhaes.com.br\/index.php\/wp-json\/wp\/v2\/users\/1"}],"replies":[{"embeddable":true,"href":"https:\/\/blogdoedvaldomagalhaes.com.br\/index.php\/wp-json\/wp\/v2\/comments?post=7453"}],"version-history":[{"count":1,"href":"https:\/\/blogdoedvaldomagalhaes.com.br\/index.php\/wp-json\/wp\/v2\/posts\/7453\/revisions"}],"predecessor-version":[{"id":14806,"href":"https:\/\/blogdoedvaldomagalhaes.com.br\/index.php\/wp-json\/wp\/v2\/posts\/7453\/revisions\/14806"}],"wp:attachment":[{"href":"https:\/\/blogdoedvaldomagalhaes.com.br\/index.php\/wp-json\/wp\/v2\/media?parent=7453"}],"wp:term":[{"taxonomy":"category","embeddable":true,"href":"https:\/\/blogdoedvaldomagalhaes.com.br\/index.php\/wp-json\/wp\/v2\/categories?post=7453"},{"taxonomy":"post_tag","embeddable":true,"href":"https:\/\/blogdoedvaldomagalhaes.com.br\/index.php\/wp-json\/wp\/v2\/tags?post=7453"}],"curies":[{"name":"wp","href":"https:\/\/api.w.org\/{rel}","templated":true}]}}