{"id":7452,"date":"2016-12-07T16:58:00","date_gmt":"2016-12-07T18:58:00","guid":{"rendered":"http:\/\/blogdoedvaldomagalhaes.com.br\/index.php\/2016\/12\/07\/mais-de-40-cidades-comarcas-de\/"},"modified":"2019-02-09T01:09:09","modified_gmt":"2019-02-09T03:09:09","slug":"mais-de-40-cidades-comarcas-de","status":"publish","type":"post","link":"https:\/\/blogdoedvaldomagalhaes.com.br\/index.php\/2016\/12\/07\/mais-de-40-cidades-comarcas-de\/","title":{"rendered":"Mais de 40 cidades \/ comarcas de Pernambuco recebem novos ju\u00edzes em 2017"},"content":{"rendered":"<div class=\"separator\" style=\"clear: both; text-align: center;\">\n<a href=\"https:\/\/2.bp.blogspot.com\/-DPwCTDeAkMA\/WEg_t69su8I\/AAAAAAAALII\/rPRQ0m6nVgQAukA-oiT1RfEIAbSnifcSQCLcB\/s1600\/juizes.jpg\" imageanchor=\"1\" style=\"margin-left: 1em; margin-right: 1em;\"><img loading=\"lazy\" decoding=\"async\" border=\"0\" height=\"212\" src=\"http:\/\/blogdoedvaldomagalhaes.com.br\/wp-content\/uploads\/2016\/12\/juizes-1.jpg\" width=\"400\" \/><\/a><\/div>\n<div style=\"text-align: justify;\">\n<\/div>\n<div style=\"text-align: justify;\">\nOs 46 novos ju\u00edzes substitutos do Poder Judici\u00e1rio estadual foram<br \/>\ndesignados \u00e0s comarcas onde passar\u00e3o a atuar a partir de 2017. A escolha<br \/>\n foi feita por cada um dos magistrados e respeitou a ordem de<br \/>\nclassifica\u00e7\u00e3o do concurso. A ata da reuni\u00e3o, homologada durante encontro<br \/>\n realizado no Gabinete da Presid\u00eancia do Tribunal de Justi\u00e7a de<br \/>\nPernambuco (TJPE), no Recife, em 5 de dezembro, est\u00e1 dispon\u00edvel na<br \/>\nedi\u00e7\u00e3o 222\/2016 do Di\u00e1rio de Justi\u00e7a eletr\u00f4nico (DJe) desta ter\u00e7a-feira<br \/>\n(6\/12).<\/div>\n<div style=\"text-align: justify;\">\n<\/div>\n<div style=\"text-align: justify;\">\nOs magistrados foram designados paras<br \/>\nas seguintes comarcas e unidades vinculadas \u00e0s circunscri\u00e7\u00f5es<br \/>\njudici\u00e1rias: Altinho, Cabrob\u00f3, Petrol\u00e2ndia, S\u00e3o Bento do Uma, Brejo da<br \/>\nMadre de Deus, Lagoa do Ouro, Iati, Macaparana, Palmeirina, Itapissuma,<br \/>\nAfr\u00e2nio, Santa Maria do Cambuc\u00e1, Tracunha\u00e9m, Rio Formoso, Exu, Bet\u00e2nia,<br \/>\nBu\u00edque, Tabira, Ipubi Ita\u00edba, Bel\u00e9m do S\u00e3o Francisco, Trindade, Santa<br \/>\nMaria da Boa Vista, Serrita, Toritama, Cust\u00f3dia, Bodoc\u00f3, Ibimirim,<br \/>\nOroc\u00f3, S\u00e3o Jos\u00e9 do Belmonte, Mirandiba, Tacaratu, Lajedo, Inaj\u00e1,<br \/>\nFloresta, Araripina, Arcoverde, Ouricuri, S\u00e3o Jos\u00e9 do Egito, Serra<br \/>\nTalhada e Sert\u00e2nia. Vinte e seis ju\u00edzes iniciar\u00e3o as atividades em<br \/>\njaneiro pr\u00f3ximo; outros 20, a partir de mar\u00e7o do ano que vem.<\/div>\n<div style=\"text-align: justify;\">\n<\/div>\n<div style=\"text-align: justify;\">\nDurante<br \/>\n a reuni\u00e3o, o desembargador-presidente Leopoldo Raposo lembrou o in\u00edcio<br \/>\nde carreira na magistratura e falou sobre a import\u00e2ncia de o juiz ser um<br \/>\n bom gestor e saber desenvolver um trabalho em equipe. \u201c\u00c9 fundamental o<br \/>\nbom atendimento \u00e0s partes e aos advogados. Desejo muito sucesso ao longo<br \/>\n da vida profissional dos novos magistrados no Judici\u00e1rio estadual\u201d,<br \/>\ndeclarou. O corregedor-geral da Justi\u00e7a, desembargador Antonio de Melo e<br \/>\n Lima, e o vice-diretor da Esmape \u2013 Escola Judicial de Pernambuco,<br \/>\ndesembargador Eduardo Sert\u00f3rio, al\u00e9m de ju\u00edzes e desembargadores do TJPE<br \/>\n estiveram presentes.<\/div>\n","protected":false},"excerpt":{"rendered":"<p>Os 46 novos ju\u00edzes substitutos do Poder Judici\u00e1rio estadual foram designados \u00e0s comarcas onde passar\u00e3o a atuar a partir de&hellip;<\/p>\n","protected":false},"author":1,"featured_media":0,"comment_status":"open","ping_status":"open","sticky":false,"template":"","format":"standard","meta":{"footnotes":""},"categories":[1],"tags":[2,10551,10552,10553,6,10554,4919],"class_list":["post-7452","post","type-post","status-publish","format-standard","hentry","category-sem-categoria","tag-blog-do-edvaldo-magalhaes","tag-diario-de-justica","tag-esmape","tag-mais-de-40-cidades-comarcas-de-pernambuco-recebem-novos-juizes-em-2017","tag-noticias","tag-poder-judiciario","tag-tjpe"],"_links":{"self":[{"href":"https:\/\/blogdoedvaldomagalhaes.com.br\/index.php\/wp-json\/wp\/v2\/posts\/7452","targetHints":{"allow":["GET"]}}],"collection":[{"href":"https:\/\/blogdoedvaldomagalhaes.com.br\/index.php\/wp-json\/wp\/v2\/posts"}],"about":[{"href":"https:\/\/blogdoedvaldomagalhaes.com.br\/index.php\/wp-json\/wp\/v2\/types\/post"}],"author":[{"embeddable":true,"href":"https:\/\/blogdoedvaldomagalhaes.com.br\/index.php\/wp-json\/wp\/v2\/users\/1"}],"replies":[{"embeddable":true,"href":"https:\/\/blogdoedvaldomagalhaes.com.br\/index.php\/wp-json\/wp\/v2\/comments?post=7452"}],"version-history":[{"count":1,"href":"https:\/\/blogdoedvaldomagalhaes.com.br\/index.php\/wp-json\/wp\/v2\/posts\/7452\/revisions"}],"predecessor-version":[{"id":14808,"href":"https:\/\/blogdoedvaldomagalhaes.com.br\/index.php\/wp-json\/wp\/v2\/posts\/7452\/revisions\/14808"}],"wp:attachment":[{"href":"https:\/\/blogdoedvaldomagalhaes.com.br\/index.php\/wp-json\/wp\/v2\/media?parent=7452"}],"wp:term":[{"taxonomy":"category","embeddable":true,"href":"https:\/\/blogdoedvaldomagalhaes.com.br\/index.php\/wp-json\/wp\/v2\/categories?post=7452"},{"taxonomy":"post_tag","embeddable":true,"href":"https:\/\/blogdoedvaldomagalhaes.com.br\/index.php\/wp-json\/wp\/v2\/tags?post=7452"}],"curies":[{"name":"wp","href":"https:\/\/api.w.org\/{rel}","templated":true}]}}