{"id":7451,"date":"2016-12-07T17:57:00","date_gmt":"2016-12-07T19:57:00","guid":{"rendered":"http:\/\/blogdoedvaldomagalhaes.com.br\/index.php\/2016\/12\/07\/veja-confraternizacao-das-radios\/"},"modified":"2019-02-09T01:09:11","modified_gmt":"2019-02-09T03:09:11","slug":"veja-confraternizacao-das-radios","status":"publish","type":"post","link":"https:\/\/blogdoedvaldomagalhaes.com.br\/index.php\/2016\/12\/07\/veja-confraternizacao-das-radios\/","title":{"rendered":"Veja a Confraterniza\u00e7\u00e3o das R\u00e1dios Liberdade Fm\/Am"},"content":{"rendered":"<div class=\"separator\" style=\"clear: both; text-align: center;\">\n<a href=\"https:\/\/4.bp.blogspot.com\/-2hw1FP2tBD4\/WEiAmqwj_TI\/AAAAAAAALKE\/2k36EudnYbw9yBuKXGYrJtSWbx64EgtggCLcB\/s1600\/liberdade.jpg\" imageanchor=\"1\" style=\"margin-left: 1em; margin-right: 1em;\"><img loading=\"lazy\" decoding=\"async\" border=\"0\" height=\"400\" src=\"http:\/\/blogdoedvaldomagalhaes.com.br\/wp-content\/uploads\/2016\/12\/liberdade.jpg\" width=\"271\" \/><\/a><\/div>\n<div class=\"separator\" style=\"clear: both; text-align: center;\">\n<\/div>\n<div class=\"separator\" style=\"clear: both; text-align: center;\">\n<a href=\"https:\/\/4.bp.blogspot.com\/-Ad_GkkyHEDA\/WEi08k6mZZI\/AAAAAAAALK0\/2UsU1OlG72oLJJWbpye2NNxIGwP78Y9uwCLcB\/s1600\/lib.jpg\" imageanchor=\"1\" style=\"margin-left: 1em; margin-right: 1em;\"><img loading=\"lazy\" decoding=\"async\" border=\"0\" height=\"256\" src=\"http:\/\/blogdoedvaldomagalhaes.com.br\/wp-content\/uploads\/2016\/12\/lib.jpg\" width=\"400\" \/><\/a><\/div>\n<div class=\"separator\" style=\"clear: both; text-align: center;\">\n<\/div>\n<div class=\"separator\" style=\"clear: both; text-align: center;\">\n<a href=\"https:\/\/2.bp.blogspot.com\/-1srpU4McnUk\/WEjMpY6uH0I\/AAAAAAAALLU\/dAKIQm6pD_odmXTboc2ZZFlvtcBTFdIBACLcB\/s1600\/r%25C3%25A1dio%2B1.jpg\" imageanchor=\"1\" style=\"margin-left: 1em; margin-right: 1em;\"><img loading=\"lazy\" decoding=\"async\" border=\"0\" height=\"265\" src=\"http:\/\/blogdoedvaldomagalhaes.com.br\/wp-content\/uploads\/2016\/12\/rC3A1dio1.jpg\" width=\"400\" \/><\/a><\/div>\n<p><\/p>\n<div class=\"separator\" style=\"clear: both; text-align: center;\">\n<a href=\"https:\/\/4.bp.blogspot.com\/-0njstqyqMRg\/WEjMrqCFGKI\/AAAAAAAALLY\/NvbGdQ6CJgMrJIJ7W5wDVT89E8b3SC-LQCLcB\/s1600\/r%25C3%25A1dio%2B2.jpg\" imageanchor=\"1\" style=\"margin-left: 1em; margin-right: 1em;\"><img loading=\"lazy\" decoding=\"async\" border=\"0\" height=\"265\" src=\"http:\/\/blogdoedvaldomagalhaes.com.br\/wp-content\/uploads\/2016\/12\/rC3A1dio2.jpg\" width=\"400\" \/><\/a><\/div>\n<p><\/p>\n<div class=\"separator\" style=\"clear: both; text-align: center;\">\n<a href=\"https:\/\/3.bp.blogspot.com\/-d2P3iz_twFo\/WEjMt7RohbI\/AAAAAAAALLc\/wGWEh7r24loTwvsgRIMeVADivbwkqC45QCLcB\/s1600\/r%25C3%25A1dio.jpg\" imageanchor=\"1\" style=\"margin-left: 1em; margin-right: 1em;\"><img loading=\"lazy\" decoding=\"async\" border=\"0\" height=\"265\" src=\"http:\/\/blogdoedvaldomagalhaes.com.br\/wp-content\/uploads\/2016\/12\/rC3A1dio.jpg\" width=\"400\" \/><\/a><\/div>\n<div class=\"separator\" style=\"clear: both; text-align: center;\">\n<\/div>\n<div class=\"separator\" style=\"clear: both; text-align: center;\">\n<a href=\"https:\/\/4.bp.blogspot.com\/-VZyGKlKn_yg\/WEhGGuhN6zI\/AAAAAAAALIY\/wgS9sjAd2JE9s3hXUpsNDmk9qui1d9OTACLcB\/s1600\/liber.jpg\" imageanchor=\"1\" style=\"margin-left: 1em; margin-right: 1em;\"><img loading=\"lazy\" decoding=\"async\" border=\"0\" height=\"225\" src=\"http:\/\/blogdoedvaldomagalhaes.com.br\/wp-content\/uploads\/2016\/12\/liber.jpg\" width=\"400\" \/><\/a><\/div>\n<div class=\"separator\" style=\"clear: both; text-align: center;\">\n<\/div>\n<div class=\"separator\" style=\"clear: both; text-align: center;\">\n<a href=\"https:\/\/2.bp.blogspot.com\/-PIddbUbHa_Y\/WEhGJaMe7AI\/AAAAAAAALIc\/bnSX8XA4S-8pe9M-_N3QRfSiXGjpbqEWACLcB\/s1600\/lib%2B1.jpg\" imageanchor=\"1\" style=\"margin-left: 1em; margin-right: 1em;\"><img loading=\"lazy\" decoding=\"async\" border=\"0\" height=\"225\" src=\"http:\/\/blogdoedvaldomagalhaes.com.br\/wp-content\/uploads\/2016\/12\/lib1.jpg\" width=\"400\" \/><\/a><\/div>\n<div class=\"separator\" style=\"clear: both; text-align: center;\">\n<\/div>\n<div class=\"separator\" style=\"clear: both; text-align: center;\">\n<a href=\"https:\/\/1.bp.blogspot.com\/-2YfroXh9SVs\/WEhGVrR4JzI\/AAAAAAAALIo\/RHC0nDAH82kcIQiVCDUQUz1JMyVYPxYdgCEw\/s1600\/lib%2B7.jpg\" imageanchor=\"1\" style=\"margin-left: 1em; margin-right: 1em;\"><img loading=\"lazy\" decoding=\"async\" border=\"0\" height=\"300\" src=\"http:\/\/blogdoedvaldomagalhaes.com.br\/wp-content\/uploads\/2016\/12\/lib7.jpg\" width=\"400\" \/><\/a><\/div>\n<div class=\"separator\" style=\"clear: both; text-align: center;\">\n<\/div>\n<div class=\"separator\" style=\"clear: both; text-align: center;\">\n<a href=\"https:\/\/2.bp.blogspot.com\/-XG76q9JlgCQ\/WEhGYiKL8WI\/AAAAAAAALIs\/nYTmiuaCFIcJroBxbwF-PPFD9ihhmjzjACEw\/s1600\/lib%2B8.jpg\" imageanchor=\"1\" style=\"margin-left: 1em; margin-right: 1em;\"><img loading=\"lazy\" decoding=\"async\" border=\"0\" height=\"300\" src=\"http:\/\/blogdoedvaldomagalhaes.com.br\/wp-content\/uploads\/2016\/12\/lib8.jpg\" width=\"400\" \/><\/a><\/div>\n<div class=\"separator\" style=\"clear: both; text-align: center;\">\n<\/div>\n<div class=\"separator\" style=\"clear: both; text-align: center;\">\n<a href=\"https:\/\/4.bp.blogspot.com\/--hV7uffFgjM\/WEhP9YoRWiI\/AAAAAAAALI8\/WiOp9m14dJAD9J4nJ5BTuQ4J3o1OYAJzwCLcB\/s1600\/lib%2B9.jpg\" imageanchor=\"1\" style=\"margin-left: 1em; margin-right: 1em;\"><img loading=\"lazy\" decoding=\"async\" border=\"0\" height=\"225\" src=\"http:\/\/blogdoedvaldomagalhaes.com.br\/wp-content\/uploads\/2016\/12\/lib9.jpg\" width=\"400\" \/><\/a><\/div>\n<div class=\"separator\" style=\"clear: both; text-align: center;\">\n<\/div>\n<div class=\"separator\" style=\"clear: both; text-align: center;\">\n<a href=\"https:\/\/3.bp.blogspot.com\/-n6LLiix6LuI\/WEhQFE4ZRwI\/AAAAAAAALJA\/VhYCGALRjzgr7cQY7JCNk9HYvV_R1NetgCLcB\/s1600\/confra%2B3.jpg\" imageanchor=\"1\" style=\"margin-left: 1em; margin-right: 1em;\"><img loading=\"lazy\" decoding=\"async\" border=\"0\" height=\"362\" src=\"http:\/\/blogdoedvaldomagalhaes.com.br\/wp-content\/uploads\/2016\/12\/confra3-1.jpg\" width=\"400\" \/><\/a><\/div>\n<div class=\"separator\" style=\"clear: both; text-align: center;\">\n<\/div>\n<div class=\"separator\" style=\"clear: both; text-align: center;\">\n<\/div>\n<div class=\"separator\" style=\"clear: both; text-align: center;\">\n<a href=\"https:\/\/4.bp.blogspot.com\/-j8hxVLXalhU\/WEhGOEy6fxI\/AAAAAAAALIg\/0oX8hg_9lZk1O7S3qP_osOkB8r2AZZQngCLcB\/s1600\/lib%2B3.jpg\" imageanchor=\"1\" style=\"margin-left: 1em; margin-right: 1em;\"><img loading=\"lazy\" decoding=\"async\" border=\"0\" height=\"400\" src=\"http:\/\/blogdoedvaldomagalhaes.com.br\/wp-content\/uploads\/2016\/12\/lib3.jpg\" width=\"400\" \/><\/a><\/div>\n<div class=\"separator\" style=\"clear: both; text-align: center;\">\n<a href=\"https:\/\/1.bp.blogspot.com\/-bkgvwcwlLak\/WEhGPrnK5CI\/AAAAAAAALIk\/a5vWn1BdLLUa-a93ghu65NY0xwYkD5m0ACLcB\/s1600\/lib%2B4.jpg\" imageanchor=\"1\" style=\"margin-left: 1em; margin-right: 1em;\"><img loading=\"lazy\" decoding=\"async\" border=\"0\" height=\"400\" src=\"http:\/\/blogdoedvaldomagalhaes.com.br\/wp-content\/uploads\/2016\/12\/lib4.jpg\" width=\"225\" \/><\/a><\/div>\n<div class=\"separator\" style=\"clear: both; text-align: center;\">\n<\/div>\n<div class=\"separator\" style=\"clear: both; text-align: center;\">\n<a href=\"https:\/\/4.bp.blogspot.com\/-fXJCFwfO-AM\/WEhRl0drEgI\/AAAAAAAALJI\/waZtypyvOZE0k8h1t4Y4N2rRdyN1XtryQCLcB\/s1600\/lib%2B11.jpg\" imageanchor=\"1\" style=\"margin-left: 1em; margin-right: 1em;\"><img loading=\"lazy\" decoding=\"async\" border=\"0\" height=\"400\" src=\"http:\/\/blogdoedvaldomagalhaes.com.br\/wp-content\/uploads\/2016\/12\/lib11.jpg\" width=\"221\" \/><\/a><\/div>\n<div class=\"separator\" style=\"clear: both; text-align: center;\">\n<\/div>\n<div class=\"separator\" style=\"clear: both; text-align: justify;\">\nO diretor-presidente do Sistema de Comunica\u00e7\u00e3o Liberdade, Luiz Lacerda, reuniu os funcion\u00e1rios das R\u00e1dios Liberdade Fm\/Am na noite dessa ter\u00e7a-feira (06), em um dos restaurantes de Caruaru, onde foi realizada a Confraterniza\u00e7\u00e3o Natalina da empresa. N\u00e3o faltaram bons papos, alegria, e homenagens aos funcion\u00e1rios.<\/div>\n<div class=\"separator\" style=\"clear: both; text-align: justify;\">\n<\/div>\n<div class=\"separator\" style=\"clear: both; text-align: justify;\">\nA advogada Camilla Lacerda marcou presen\u00e7a, e tamb\u00e9m compareceram: Ivan Feitosa (Gerente Geral), S\u00f3crates da Silva (Gerente de Programa\u00e7\u00e3o), Dani Fernandes (Gerente de Marketing), Laura Lima (Gerente Financeiro), Helenivaldo Pereira (Coordenador de Jornalismo), Carlos Altieri, Elaine Dias, Ewerton Bezerra, Roberta Nunes, Fernanda Oliveira, Karlla Oliveira, Edvaldo Magalh\u00e3es, Iza\u00edas Rodrigues, Marciano Jos\u00e9, Marivaldo Paulo, M\u00e1rio Ferreira, Cl\u00e1udia Medeiros, Lidiane Galindo, Alba Gomes, Jamilly Carvalho, Valdeli Domingos, Poliana Bezerra, Cl\u00e1udio Jos\u00e9, Wandemberg Alves, Sonaly Oliveira, Igor Santos, Carlos Yuu, Juliana Siqueira, Eydson Alves, Jo\u00e3o Tau\u00e3 e J\u00e9ssika Silva.<\/div>\n<div class=\"separator\" style=\"clear: both; text-align: justify;\">\n<\/div>\n<div class=\"separator\" style=\"clear: both; text-align: center;\">\n<a href=\"https:\/\/3.bp.blogspot.com\/-KmocjtlUC34\/WEhVz0mvdqI\/AAAAAAAALJQ\/sU-8nn7bVlgMaIcqwijRrQWZqaBltV6FwCLcB\/s1600\/premio.jpg\" imageanchor=\"1\" style=\"margin-left: 1em; margin-right: 1em;\"><img loading=\"lazy\" decoding=\"async\" border=\"0\" height=\"400\" src=\"http:\/\/blogdoedvaldomagalhaes.com.br\/wp-content\/uploads\/2016\/12\/premio.jpg\" width=\"400\" \/><\/a><\/div>\n<div class=\"separator\" style=\"clear: both; text-align: center;\">\n<\/div>\n<p><\/p>\n","protected":false},"excerpt":{"rendered":"<p>O diretor-presidente do Sistema de Comunica\u00e7\u00e3o Liberdade, Luiz Lacerda, reuniu os funcion\u00e1rios das R\u00e1dios Liberdade Fm\/Am na noite dessa ter\u00e7a-feira&hellip;<\/p>\n","protected":false},"author":1,"featured_media":0,"comment_status":"open","ping_status":"open","sticky":false,"template":"","format":"standard","meta":{"footnotes":""},"categories":[1],"tags":[2,6,10550],"class_list":["post-7451","post","type-post","status-publish","format-standard","hentry","category-sem-categoria","tag-blog-do-edvaldo-magalhaes","tag-noticias","tag-veja-a-confraternizacao-das-radios-liberdade-fm-am"],"_links":{"self":[{"href":"https:\/\/blogdoedvaldomagalhaes.com.br\/index.php\/wp-json\/wp\/v2\/posts\/7451","targetHints":{"allow":["GET"]}}],"collection":[{"href":"https:\/\/blogdoedvaldomagalhaes.com.br\/index.php\/wp-json\/wp\/v2\/posts"}],"about":[{"href":"https:\/\/blogdoedvaldomagalhaes.com.br\/index.php\/wp-json\/wp\/v2\/types\/post"}],"author":[{"embeddable":true,"href":"https:\/\/blogdoedvaldomagalhaes.com.br\/index.php\/wp-json\/wp\/v2\/users\/1"}],"replies":[{"embeddable":true,"href":"https:\/\/blogdoedvaldomagalhaes.com.br\/index.php\/wp-json\/wp\/v2\/comments?post=7451"}],"version-history":[{"count":1,"href":"https:\/\/blogdoedvaldomagalhaes.com.br\/index.php\/wp-json\/wp\/v2\/posts\/7451\/revisions"}],"predecessor-version":[{"id":14824,"href":"https:\/\/blogdoedvaldomagalhaes.com.br\/index.php\/wp-json\/wp\/v2\/posts\/7451\/revisions\/14824"}],"wp:attachment":[{"href":"https:\/\/blogdoedvaldomagalhaes.com.br\/index.php\/wp-json\/wp\/v2\/media?parent=7451"}],"wp:term":[{"taxonomy":"category","embeddable":true,"href":"https:\/\/blogdoedvaldomagalhaes.com.br\/index.php\/wp-json\/wp\/v2\/categories?post=7451"},{"taxonomy":"post_tag","embeddable":true,"href":"https:\/\/blogdoedvaldomagalhaes.com.br\/index.php\/wp-json\/wp\/v2\/tags?post=7451"}],"curies":[{"name":"wp","href":"https:\/\/api.w.org\/{rel}","templated":true}]}}