{"id":74477,"date":"2021-09-08T19:45:29","date_gmt":"2021-09-08T22:45:29","guid":{"rendered":"https:\/\/blogdoedvaldomagalhaes.com.br\/?p=74477"},"modified":"2021-09-08T19:45:31","modified_gmt":"2021-09-08T22:45:31","slug":"caruaru-inicia-a-imunizacao-contra-covid-19-para-o-publico-em-geral-acima-de-17-anos","status":"publish","type":"post","link":"https:\/\/blogdoedvaldomagalhaes.com.br\/index.php\/2021\/09\/08\/caruaru-inicia-a-imunizacao-contra-covid-19-para-o-publico-em-geral-acima-de-17-anos\/","title":{"rendered":"Caruaru inicia \u00e0 imuniza\u00e7\u00e3o contra covid-19 para o p\u00fablico em geral acima de 17 anos"},"content":{"rendered":"<p style=\"text-align: justify;\"><span style=\"font-size: inherit;\">A Secretaria de Sa\u00fade de Caruaru deu in\u00edcio nesta quarta-feira (08) \u00e0 imuniza\u00e7\u00e3o para o p\u00fablico em geral acima de 17 anos. A vacina\u00e7\u00e3o para adolescentes em Caruaru come\u00e7ou pelos grupos de jovens com defici\u00eancia permanente e com comorbidades.<\/span><\/p>\n<p style=\"text-align: justify;\">Para ter acesso \u00e0 guia de agendamento, onde constam as informa\u00e7\u00f5es sobre dia, hor\u00e1rio e local da imuniza\u00e7\u00e3o, basta acessar o site Vacina Caruaru, no mesmo local onde realizou o pr\u00e9-cadastro.<\/p>\n<p style=\"text-align: justify;\">\u201cPor recomenda\u00e7\u00e3o do Minist\u00e9rio da Sa\u00fade (MS), a vacina\u00e7\u00e3o dos jovens entre 12 e 17 anos deve ser feita, prioritariamente, com o imunizante Pfizer\u201d, explicou a secretaria executiva de Aten\u00e7\u00e3o B\u00e1sica, Sarah Rafael.<\/p>\n<p style=\"text-align: justify;\">Para se vacinar, \u00e9 preciso realizar o pr\u00e9-cadastro no link www.vacina.caruaru.pe.gov.br ou pelo Disque-Vacina, no 0800 281 7080.<\/p>\n<p style=\"text-align: justify;\">No dia da vacina\u00e7\u00e3o, deve-se levar documento oficial com foto ou Certid\u00e3o de Nascimento, CPF ou Cart\u00e3o Nacional do SUS (CNS), al\u00e9m de comprovante de resid\u00eancia. Para evitar aglomera\u00e7\u00f5es, \u00e9 importante cumprir o hor\u00e1rio disponibilizado na guia de agendamento.<\/p>\n<p style=\"text-align: justify;\">Foto: Jana\u00edna Pepeu.<\/p>\n","protected":false},"excerpt":{"rendered":"<p>A Secretaria de Sa\u00fade de Caruaru deu in\u00edcio nesta quarta-feira (08) \u00e0 imuniza\u00e7\u00e3o para o p\u00fablico em geral acima de&hellip;<\/p>\n","protected":false},"author":1,"featured_media":74478,"comment_status":"open","ping_status":"open","sticky":false,"template":"","format":"standard","meta":{"footnotes":""},"categories":[14120],"tags":[2,19532,22737,1950,19670],"class_list":["post-74477","post","type-post","status-publish","format-standard","has-post-thumbnail","hentry","category-noticias","tag-blog-do-edvaldo-magalhaes","tag-blog-mais-acessado-e-visualizado-de-caruaru-e-regiao","tag-caruaru-inicia-a-imunizacao-contra-covid-19-para-o-publico-em-geral-acima-de-17-anos","tag-noticias-de-caruaru","tag-novo-coronavirus"],"_links":{"self":[{"href":"https:\/\/blogdoedvaldomagalhaes.com.br\/index.php\/wp-json\/wp\/v2\/posts\/74477","targetHints":{"allow":["GET"]}}],"collection":[{"href":"https:\/\/blogdoedvaldomagalhaes.com.br\/index.php\/wp-json\/wp\/v2\/posts"}],"about":[{"href":"https:\/\/blogdoedvaldomagalhaes.com.br\/index.php\/wp-json\/wp\/v2\/types\/post"}],"author":[{"embeddable":true,"href":"https:\/\/blogdoedvaldomagalhaes.com.br\/index.php\/wp-json\/wp\/v2\/users\/1"}],"replies":[{"embeddable":true,"href":"https:\/\/blogdoedvaldomagalhaes.com.br\/index.php\/wp-json\/wp\/v2\/comments?post=74477"}],"version-history":[{"count":1,"href":"https:\/\/blogdoedvaldomagalhaes.com.br\/index.php\/wp-json\/wp\/v2\/posts\/74477\/revisions"}],"predecessor-version":[{"id":74479,"href":"https:\/\/blogdoedvaldomagalhaes.com.br\/index.php\/wp-json\/wp\/v2\/posts\/74477\/revisions\/74479"}],"wp:featuredmedia":[{"embeddable":true,"href":"https:\/\/blogdoedvaldomagalhaes.com.br\/index.php\/wp-json\/wp\/v2\/media\/74478"}],"wp:attachment":[{"href":"https:\/\/blogdoedvaldomagalhaes.com.br\/index.php\/wp-json\/wp\/v2\/media?parent=74477"}],"wp:term":[{"taxonomy":"category","embeddable":true,"href":"https:\/\/blogdoedvaldomagalhaes.com.br\/index.php\/wp-json\/wp\/v2\/categories?post=74477"},{"taxonomy":"post_tag","embeddable":true,"href":"https:\/\/blogdoedvaldomagalhaes.com.br\/index.php\/wp-json\/wp\/v2\/tags?post=74477"}],"curies":[{"name":"wp","href":"https:\/\/api.w.org\/{rel}","templated":true}]}}