{"id":74474,"date":"2021-09-08T19:22:19","date_gmt":"2021-09-08T22:22:19","guid":{"rendered":"https:\/\/blogdoedvaldomagalhaes.com.br\/?p=74474"},"modified":"2021-09-08T22:27:09","modified_gmt":"2021-09-09T01:27:09","slug":"tumulto-e-fuga-no-case-caruaru-internos-atearam-fogo-em-um-dos-portoes","status":"publish","type":"post","link":"https:\/\/blogdoedvaldomagalhaes.com.br\/index.php\/2021\/09\/08\/tumulto-e-fuga-no-case-caruaru-internos-atearam-fogo-em-um-dos-portoes\/","title":{"rendered":"Tumulto e fuga no Case Caruaru; Internos atearam fogo em um dos port\u00f5es"},"content":{"rendered":"<p style=\"text-align: justify;\"><span style=\"font-size: inherit;\">A Funda\u00e7\u00e3o de Atendimento Socioeducativo (Funase) informa que, por volta das 18h desta quarta-feira (8), registrou um tumulto seguido da fuga de 40 internos do Centro de Atendimento Socioeducativo (Case) Caruaru. A evas\u00e3o ocorreu por meio de uma ruptura no muro. Durante a ocorr\u00eancia, os envolvidos atearam fogo em um dos port\u00f5es para dificultar o acesso dos servidores que atuam no local. O Corpo de Bombeiros foi acionado e liberou a passagem at\u00e9 as instala\u00e7\u00f5es.<\/span><\/p>\n<p style=\"text-align: justify;\">At\u00e9 o momento, 15 internos foram conduzidos de volta \u00e0 unidade. Os demais seguem sendo procurados pela Pol\u00edcia Militar. Ningu\u00e9m ficou ferido. As Coordenadorias de Seguran\u00e7a e de Intelig\u00eancia e a Corregedoria da Funase acompanham a ocorr\u00eancia na unidade, que n\u00e3o registrava um evento de crise desde dezembro de 2020. Os internos envolvidos no caso ser\u00e3o submetidos ao Conselho Disciplinar, o que tem impacto negativo na avalia\u00e7\u00e3o dos processos deles pelo Poder Judici\u00e1rio.<\/p>\n","protected":false},"excerpt":{"rendered":"<p>A Funda\u00e7\u00e3o de Atendimento Socioeducativo (Funase) informa que, por volta das 18h desta quarta-feira (8), registrou um tumulto seguido da&hellip;<\/p>\n","protected":false},"author":1,"featured_media":74475,"comment_status":"open","ping_status":"open","sticky":false,"template":"","format":"standard","meta":{"footnotes":""},"categories":[14121],"tags":[2,19532,1950,22736],"class_list":["post-74474","post","type-post","status-publish","format-standard","has-post-thumbnail","hentry","category-policial","tag-blog-do-edvaldo-magalhaes","tag-blog-mais-acessado-e-visualizado-de-caruaru-e-regiao","tag-noticias-de-caruaru","tag-tumulto-e-fuga-no-case-caruaru-internos-atearam-fogo-em-um-dos-portoes"],"_links":{"self":[{"href":"https:\/\/blogdoedvaldomagalhaes.com.br\/index.php\/wp-json\/wp\/v2\/posts\/74474","targetHints":{"allow":["GET"]}}],"collection":[{"href":"https:\/\/blogdoedvaldomagalhaes.com.br\/index.php\/wp-json\/wp\/v2\/posts"}],"about":[{"href":"https:\/\/blogdoedvaldomagalhaes.com.br\/index.php\/wp-json\/wp\/v2\/types\/post"}],"author":[{"embeddable":true,"href":"https:\/\/blogdoedvaldomagalhaes.com.br\/index.php\/wp-json\/wp\/v2\/users\/1"}],"replies":[{"embeddable":true,"href":"https:\/\/blogdoedvaldomagalhaes.com.br\/index.php\/wp-json\/wp\/v2\/comments?post=74474"}],"version-history":[{"count":2,"href":"https:\/\/blogdoedvaldomagalhaes.com.br\/index.php\/wp-json\/wp\/v2\/posts\/74474\/revisions"}],"predecessor-version":[{"id":74484,"href":"https:\/\/blogdoedvaldomagalhaes.com.br\/index.php\/wp-json\/wp\/v2\/posts\/74474\/revisions\/74484"}],"wp:featuredmedia":[{"embeddable":true,"href":"https:\/\/blogdoedvaldomagalhaes.com.br\/index.php\/wp-json\/wp\/v2\/media\/74475"}],"wp:attachment":[{"href":"https:\/\/blogdoedvaldomagalhaes.com.br\/index.php\/wp-json\/wp\/v2\/media?parent=74474"}],"wp:term":[{"taxonomy":"category","embeddable":true,"href":"https:\/\/blogdoedvaldomagalhaes.com.br\/index.php\/wp-json\/wp\/v2\/categories?post=74474"},{"taxonomy":"post_tag","embeddable":true,"href":"https:\/\/blogdoedvaldomagalhaes.com.br\/index.php\/wp-json\/wp\/v2\/tags?post=74474"}],"curies":[{"name":"wp","href":"https:\/\/api.w.org\/{rel}","templated":true}]}}