{"id":74466,"date":"2021-09-08T18:42:18","date_gmt":"2021-09-08T21:42:18","guid":{"rendered":"https:\/\/blogdoedvaldomagalhaes.com.br\/?p=74466"},"modified":"2021-09-08T18:51:45","modified_gmt":"2021-09-08T21:51:45","slug":"suspeito-de-matar-crianca-de-11-anos-em-joao-pessoa-pb-e-preso-no-interior-de-pernambuco","status":"publish","type":"post","link":"https:\/\/blogdoedvaldomagalhaes.com.br\/index.php\/2021\/09\/08\/suspeito-de-matar-crianca-de-11-anos-em-joao-pessoa-pb-e-preso-no-interior-de-pernambuco\/","title":{"rendered":"Suspeito de matar crian\u00e7a de 11 anos em Jo\u00e3o Pessoa\/PB \u00e9 preso no interior de Pernambuco"},"content":{"rendered":"<p style=\"text-align: justify;\"><span style=\"font-size: inherit;\">Tr\u00eas dias ap\u00f3s o b\u00e1rbaro crime ocorrido na cidade de Jo\u00e3o Pessoa, na Para\u00edba, que vitimou uma crian\u00e7a de 11 anos, a Pol\u00edcia Militar de Pernambuco prendeu, nesta quarta-feira (8), o homem suspeito de cometer o crime. PMs do 2\u00ba Batalh\u00e3o receberam informa\u00e7\u00f5es de que ele estaria escondido na cidade de Ferreiros, Zona da Mata Norte do estado e diante das informa\u00e7\u00f5es montaram uma opera\u00e7\u00e3o para captur\u00e1-lo. Ao perceber a presen\u00e7a do efetivo policial o homem tentou fugir, mas foi detido pelos PMs e levado para a DP local para serem tomadas as medidas legais cab\u00edveis.<\/span><\/p>\n<p><strong>Entenda o caso\u00a0<\/strong><\/p>\n<p style=\"text-align: justify;\">No domingo (05), a crian\u00e7a e a fam\u00edlia passaram o dia na praia. \u00c0 noite, a m\u00e3e decidiu dormir no quiosque de um conhecido. A ideia era acordar cedo, tomar o banho de mar e retornar para casa como relatou a m\u00e3e.<\/p>\n<p style=\"text-align: justify;\">No entanto, imagens de um circuito interno do quiosque gravaram o momento em que o homem chegou de bicicleta no quiosque na orla da capital e levou a crian\u00e7a. A m\u00e3e acredita que a menina tenha sido amea\u00e7ada pelo homem.<\/p>\n<p style=\"text-align: justify;\">Na madrugada de hoje, o corpo de Anielle Teixeira, foi encontrado em uma \u00e1rea de mato perto das margens do Rio Jaguaribe, no bairro de Miramar, em Jo\u00e3o Pessoa.<\/p>\n<p style=\"text-align: justify;\">Na segunda-feira (6), a Pol\u00edcia Civil, por meio da Delegacia de Crimes contra a Pessoa da Capital, que investiga o caso, encontrou roupas sujas de sangue em uma casa. Mas ningu\u00e9m foi encontrado no local.<\/p>\n<p style=\"text-align: justify;\">Foto: Reprodu\u00e7\u00e3o\/Redes Sociais.<\/p>\n","protected":false},"excerpt":{"rendered":"<p>Tr\u00eas dias ap\u00f3s o b\u00e1rbaro crime ocorrido na cidade de Jo\u00e3o Pessoa, na Para\u00edba, que vitimou uma crian\u00e7a de 11&hellip;<\/p>\n","protected":false},"author":1,"featured_media":74467,"comment_status":"open","ping_status":"open","sticky":false,"template":"","format":"standard","meta":{"footnotes":""},"categories":[14121],"tags":[2,19532,1950,22735],"class_list":["post-74466","post","type-post","status-publish","format-standard","has-post-thumbnail","hentry","category-policial","tag-blog-do-edvaldo-magalhaes","tag-blog-mais-acessado-e-visualizado-de-caruaru-e-regiao","tag-noticias-de-caruaru","tag-suspeito-de-matar-crianca-de-11-anos-em-joao-pessoa-pb-e-preso-no-interior-de-pernambuco"],"_links":{"self":[{"href":"https:\/\/blogdoedvaldomagalhaes.com.br\/index.php\/wp-json\/wp\/v2\/posts\/74466","targetHints":{"allow":["GET"]}}],"collection":[{"href":"https:\/\/blogdoedvaldomagalhaes.com.br\/index.php\/wp-json\/wp\/v2\/posts"}],"about":[{"href":"https:\/\/blogdoedvaldomagalhaes.com.br\/index.php\/wp-json\/wp\/v2\/types\/post"}],"author":[{"embeddable":true,"href":"https:\/\/blogdoedvaldomagalhaes.com.br\/index.php\/wp-json\/wp\/v2\/users\/1"}],"replies":[{"embeddable":true,"href":"https:\/\/blogdoedvaldomagalhaes.com.br\/index.php\/wp-json\/wp\/v2\/comments?post=74466"}],"version-history":[{"count":3,"href":"https:\/\/blogdoedvaldomagalhaes.com.br\/index.php\/wp-json\/wp\/v2\/posts\/74466\/revisions"}],"predecessor-version":[{"id":74471,"href":"https:\/\/blogdoedvaldomagalhaes.com.br\/index.php\/wp-json\/wp\/v2\/posts\/74466\/revisions\/74471"}],"wp:featuredmedia":[{"embeddable":true,"href":"https:\/\/blogdoedvaldomagalhaes.com.br\/index.php\/wp-json\/wp\/v2\/media\/74467"}],"wp:attachment":[{"href":"https:\/\/blogdoedvaldomagalhaes.com.br\/index.php\/wp-json\/wp\/v2\/media?parent=74466"}],"wp:term":[{"taxonomy":"category","embeddable":true,"href":"https:\/\/blogdoedvaldomagalhaes.com.br\/index.php\/wp-json\/wp\/v2\/categories?post=74466"},{"taxonomy":"post_tag","embeddable":true,"href":"https:\/\/blogdoedvaldomagalhaes.com.br\/index.php\/wp-json\/wp\/v2\/tags?post=74466"}],"curies":[{"name":"wp","href":"https:\/\/api.w.org\/{rel}","templated":true}]}}