{"id":74462,"date":"2021-09-08T17:38:09","date_gmt":"2021-09-08T20:38:09","guid":{"rendered":"https:\/\/blogdoedvaldomagalhaes.com.br\/?p=74462"},"modified":"2021-09-08T17:39:59","modified_gmt":"2021-09-08T20:39:59","slug":"setembro-vermelho-medicina-nuclear-auxilia-no-diagnostico-precoce-de-isquemia","status":"publish","type":"post","link":"https:\/\/blogdoedvaldomagalhaes.com.br\/index.php\/2021\/09\/08\/setembro-vermelho-medicina-nuclear-auxilia-no-diagnostico-precoce-de-isquemia\/","title":{"rendered":"Setembro Vermelho: Medicina nuclear auxilia no diagn\u00f3stico precoce de isquemia"},"content":{"rendered":"<p style=\"text-align: justify;\"><span style=\"font-size: inherit;\">Dia Mundial do Cora\u00e7\u00e3o, celebrado no dia 29 de setembro, alerta para a import\u00e2ncia da preven\u00e7\u00e3o de doen\u00e7as cardiovasculares.<\/span><\/p>\n<p style=\"text-align: justify;\"><span style=\"font-weight: 400;\">O Setembro Vermelho, m\u00eas em que \u00e9 celebrado o Dia Mundial do Cora\u00e7\u00e3o (29 de setembro), tem como objetivo alertar a popula\u00e7\u00e3o sobre as doen\u00e7as cardiovasculares; as formas de\u00a0<\/span><\/p>\n<p style=\"text-align: justify;\"><span style=\"font-weight: 400;\">preven\u00e7\u00e3o; a import\u00e2ncia da detec\u00e7\u00e3o precoce e da ades\u00e3o ao tratamento. Principal causa de morte no mundo, as doen\u00e7as cardiovasculares representam cerca de um ter\u00e7o dos \u00f3bitos registrados globalmente. Apenas no Brasil, entre 1\u00ba de janeiro e 5 de setembro deste ano, cerca de 275 mil pessoas morreram em decorr\u00eancia desse tipo de doen\u00e7a, de acordo com o cardi\u00f4metro, um indicador do n\u00famero de mortes por doen\u00e7as cardiovasculares no pa\u00eds criado pela Sociedade Brasileira de Cardiologia (SBC).\u00a0<\/span><\/p>\n<p style=\"text-align: justify;\"><span style=\"font-weight: 400;\">Aliada no combate \u00e0s doen\u00e7as do cora\u00e7\u00e3o, a medicina nuclear auxilia no diagn\u00f3stico de\u00a0<\/span><\/p>\n<p style=\"text-align: justify;\"><span style=\"font-weight: 400;\">isquemia. A investiga\u00e7\u00e3o \u00e9 feita por meio da cintilografia, um exame diagn\u00f3stico por imagem, cujo nome deriva do termo \u201ccintila\u00e7\u00e3o\u201d, que \u00e9 o principal fen\u00f4meno no processo de forma\u00e7\u00e3o da imagem, a partir da radia\u00e7\u00e3o emitida pelo \u00f3rg\u00e3o que est\u00e1 sendo examinado. Por acessar prioritariamente o funcionamento dos \u00f3rg\u00e3os, o exame promove diagn\u00f3sticos sens\u00edveis e precoces da isquemia do cora\u00e7\u00e3o.<\/span><\/p>\n<p style=\"text-align: justify;\"><span style=\"font-weight: 400;\">De acordo com a m\u00e9dica especialista em diagn\u00f3stico do cora\u00e7\u00e3o Estelita Tinoco, do Centro Diagn\u00f3stico Lucilo \u00c1vila, \u201cal\u00e9m de ser um exame n\u00e3o invasivo de grande sensibilidade, ele avalia n\u00e3o s\u00f3 a forma do \u00f3rg\u00e3o, mas principalmente sua fun\u00e7\u00e3o. Como as altera\u00e7\u00f5es funcionais habitualmente precedem as altera\u00e7\u00f5es anat\u00f4micas, via de regra, as cintilografias costumam ser bastante precoces na detec\u00e7\u00e3o de doen\u00e7as\u201d. O exame pode diagnosticar a isquemia do m\u00fasculo card\u00edaco antes mesmo do surgimento de sintomas, sendo um poderoso aliado dos cardiologistas na institui\u00e7\u00e3o do tratamento mais adequado a cada paciente e ajudando a salvar vidas.<\/span><\/p>\n<p style=\"text-align: justify;\"><span style=\"font-weight: 400;\">O m\u00e9dico Mitchell Lewis, especialista em medicina nuclear, enfatiza que o exame deve ser requisitado por um cardiologista ap\u00f3s avalia\u00e7\u00e3o m\u00e9dica\u00a0 e ressalta a import\u00e2ncia da preven\u00e7\u00e3o. \u201cO Setembro Vermelho \u00e9 o m\u00eas de focar na preven\u00e7\u00e3o das doen\u00e7as cardiovasculares, principalmente atrav\u00e9s da modifica\u00e7\u00e3o dos estilos de vida, de h\u00e1bitos alimentares, rotinas de atividade f\u00edsica, al\u00e9m de mudan\u00e7a de h\u00e1bitos relacionados a tabagismo e ingest\u00e3o excessiva de bebidas alc\u00f3olicas. Tudo isso sob a supervis\u00e3o do cardiologista, profissional habilitado para avaliar e orientar as pessoas nesse sentido\u201d, afirma.<\/span><\/p>\n<p style=\"text-align: justify;\">Dra. Estelita Tinoco, m\u00e9dica nuclear especialista em diagn\u00f3stico do cora\u00e7\u00e3o\u00a0<\/p>\n\n\n<p><\/p>\n","protected":false},"excerpt":{"rendered":"<p>Dia Mundial do Cora\u00e7\u00e3o, celebrado no dia 29 de setembro, alerta para a import\u00e2ncia da preven\u00e7\u00e3o de doen\u00e7as cardiovasculares. O&hellip;<\/p>\n","protected":false},"author":1,"featured_media":74463,"comment_status":"open","ping_status":"open","sticky":false,"template":"","format":"standard","meta":{"footnotes":""},"categories":[14120],"tags":[2,19532,1950,22734],"class_list":["post-74462","post","type-post","status-publish","format-standard","has-post-thumbnail","hentry","category-noticias","tag-blog-do-edvaldo-magalhaes","tag-blog-mais-acessado-e-visualizado-de-caruaru-e-regiao","tag-noticias-de-caruaru","tag-setembro-vermelho-medicina-nuclear-auxilia-no-diagnostico-precoce-de-isquemia"],"_links":{"self":[{"href":"https:\/\/blogdoedvaldomagalhaes.com.br\/index.php\/wp-json\/wp\/v2\/posts\/74462","targetHints":{"allow":["GET"]}}],"collection":[{"href":"https:\/\/blogdoedvaldomagalhaes.com.br\/index.php\/wp-json\/wp\/v2\/posts"}],"about":[{"href":"https:\/\/blogdoedvaldomagalhaes.com.br\/index.php\/wp-json\/wp\/v2\/types\/post"}],"author":[{"embeddable":true,"href":"https:\/\/blogdoedvaldomagalhaes.com.br\/index.php\/wp-json\/wp\/v2\/users\/1"}],"replies":[{"embeddable":true,"href":"https:\/\/blogdoedvaldomagalhaes.com.br\/index.php\/wp-json\/wp\/v2\/comments?post=74462"}],"version-history":[{"count":2,"href":"https:\/\/blogdoedvaldomagalhaes.com.br\/index.php\/wp-json\/wp\/v2\/posts\/74462\/revisions"}],"predecessor-version":[{"id":74465,"href":"https:\/\/blogdoedvaldomagalhaes.com.br\/index.php\/wp-json\/wp\/v2\/posts\/74462\/revisions\/74465"}],"wp:featuredmedia":[{"embeddable":true,"href":"https:\/\/blogdoedvaldomagalhaes.com.br\/index.php\/wp-json\/wp\/v2\/media\/74463"}],"wp:attachment":[{"href":"https:\/\/blogdoedvaldomagalhaes.com.br\/index.php\/wp-json\/wp\/v2\/media?parent=74462"}],"wp:term":[{"taxonomy":"category","embeddable":true,"href":"https:\/\/blogdoedvaldomagalhaes.com.br\/index.php\/wp-json\/wp\/v2\/categories?post=74462"},{"taxonomy":"post_tag","embeddable":true,"href":"https:\/\/blogdoedvaldomagalhaes.com.br\/index.php\/wp-json\/wp\/v2\/tags?post=74462"}],"curies":[{"name":"wp","href":"https:\/\/api.w.org\/{rel}","templated":true}]}}