{"id":74400,"date":"2021-09-07T21:08:25","date_gmt":"2021-09-08T00:08:25","guid":{"rendered":"https:\/\/blogdoedvaldomagalhaes.com.br\/?p=74400"},"modified":"2021-09-07T23:39:34","modified_gmt":"2021-09-08T02:39:34","slug":"colisao-entre-dois-carros-deixa-3-mortos-e-2-feridos-na-br-232-no-agreste-pe","status":"publish","type":"post","link":"https:\/\/blogdoedvaldomagalhaes.com.br\/index.php\/2021\/09\/07\/colisao-entre-dois-carros-deixa-3-mortos-e-2-feridos-na-br-232-no-agreste-pe\/","title":{"rendered":"Colis\u00e3o entre dois carros deixa 3 mortos e 2 feridos na BR 232 no Agreste-PE"},"content":{"rendered":"<p style=\"text-align: justify;\">Por volta das 18h40 desta ter\u00e7a-feira (07), ocorreu uma colis\u00e3o frontal entre um Sandero e um Corolla, no km 154 da BR 232, em S\u00e3o Caitano, no Agreste de Pernambuco. De acordo com a Pol\u00edcia Rodovi\u00e1ria Federal (PRF), pelos vest\u00edgios verificados no local, o Sandero entrou na contram\u00e3o da rodovia.<\/p>\n<p style=\"text-align: justify;\">No Sandero o motorista Aldir Jos\u00e9, de 34 anos de idade, casado,\u00a0 e duas meninas, Vit\u00f3ria de 10 e Isabella (Belinha) de 2 anos (enteada e sobrinha do condutor). Os tr\u00eas faleceram no local e eram da cidade de Tacaimb\u00f3, a menina de 2 anos de nome Isabella, conhecida como &#8220;Belinha&#8221;, estava sem a cadeirinha. As crian\u00e7as foram projetadas para fora do carro.<\/p>\n<p style=\"text-align: justify;\">No Corolla havia um casal. Eles ficaram feridos e foram socorridos para o Hospital de S\u00e3o Caitano.<\/p>\n<p style=\"text-align: justify;\">Al\u00e9m da PRF, o Instituto de Criminal\u00edstica, o IML e o Corpo de Bombeiros est\u00e3o no local. A Pol\u00edcia Civil vai investigar o caso.<\/p>\n\n\n<figure class=\"wp-block-image size-large\"><img loading=\"lazy\" decoding=\"async\" width=\"1024\" height=\"484\" src=\"https:\/\/blogdoedvaldomagalhaes.com.br\/wp-content\/uploads\/2021\/09\/IMG-20210907-WA0389-1024x484.jpg\" alt=\"\" class=\"wp-image-74406\" srcset=\"https:\/\/blogdoedvaldomagalhaes.com.br\/wp-content\/uploads\/2021\/09\/IMG-20210907-WA0389-1024x484.jpg 1024w, https:\/\/blogdoedvaldomagalhaes.com.br\/wp-content\/uploads\/2021\/09\/IMG-20210907-WA0389-300x142.jpg 300w, https:\/\/blogdoedvaldomagalhaes.com.br\/wp-content\/uploads\/2021\/09\/IMG-20210907-WA0389-768x363.jpg 768w, https:\/\/blogdoedvaldomagalhaes.com.br\/wp-content\/uploads\/2021\/09\/IMG-20210907-WA0389.jpg 1040w\" sizes=\"auto, (max-width: 1024px) 100vw, 1024px\" \/><figcaption>Foto: Blog do Edvaldo Magalh\u00e3es<\/figcaption><\/figure>\n\n\n\n<figure class=\"wp-block-image size-large\"><img loading=\"lazy\" decoding=\"async\" width=\"1024\" height=\"484\" src=\"https:\/\/blogdoedvaldomagalhaes.com.br\/wp-content\/uploads\/2021\/09\/IMG-20210907-WA0390-1024x484.jpg\" alt=\"\" class=\"wp-image-74408\" srcset=\"https:\/\/blogdoedvaldomagalhaes.com.br\/wp-content\/uploads\/2021\/09\/IMG-20210907-WA0390-1024x484.jpg 1024w, https:\/\/blogdoedvaldomagalhaes.com.br\/wp-content\/uploads\/2021\/09\/IMG-20210907-WA0390-300x142.jpg 300w, https:\/\/blogdoedvaldomagalhaes.com.br\/wp-content\/uploads\/2021\/09\/IMG-20210907-WA0390-768x363.jpg 768w, https:\/\/blogdoedvaldomagalhaes.com.br\/wp-content\/uploads\/2021\/09\/IMG-20210907-WA0390-1536x726.jpg 1536w, https:\/\/blogdoedvaldomagalhaes.com.br\/wp-content\/uploads\/2021\/09\/IMG-20210907-WA0390.jpg 1600w\" sizes=\"auto, (max-width: 1024px) 100vw, 1024px\" \/><figcaption>Foto: Blog do Edvaldo Magalh\u00e3es<\/figcaption><\/figure>\n\n\n\n<figure class=\"wp-block-image size-large\"><img loading=\"lazy\" decoding=\"async\" width=\"1024\" height=\"576\" src=\"https:\/\/blogdoedvaldomagalhaes.com.br\/wp-content\/uploads\/2021\/09\/IMG-20210907-WA0394-1024x576.jpg\" alt=\"\" class=\"wp-image-74412\" srcset=\"https:\/\/blogdoedvaldomagalhaes.com.br\/wp-content\/uploads\/2021\/09\/IMG-20210907-WA0394-1024x576.jpg 1024w, https:\/\/blogdoedvaldomagalhaes.com.br\/wp-content\/uploads\/2021\/09\/IMG-20210907-WA0394-300x169.jpg 300w, https:\/\/blogdoedvaldomagalhaes.com.br\/wp-content\/uploads\/2021\/09\/IMG-20210907-WA0394-768x432.jpg 768w, https:\/\/blogdoedvaldomagalhaes.com.br\/wp-content\/uploads\/2021\/09\/IMG-20210907-WA0394-1140x641.jpg 1140w, https:\/\/blogdoedvaldomagalhaes.com.br\/wp-content\/uploads\/2021\/09\/IMG-20210907-WA0394-720x405.jpg 720w, https:\/\/blogdoedvaldomagalhaes.com.br\/wp-content\/uploads\/2021\/09\/IMG-20210907-WA0394.jpg 1280w\" sizes=\"auto, (max-width: 1024px) 100vw, 1024px\" \/><figcaption>Foto: PRF<\/figcaption><\/figure>\n\n\n\n<figure class=\"wp-block-image size-large\"><img loading=\"lazy\" decoding=\"async\" width=\"1024\" height=\"651\" src=\"https:\/\/blogdoedvaldomagalhaes.com.br\/wp-content\/uploads\/2021\/09\/IMG-20210907-WA0396-1024x651.jpg\" alt=\"\" class=\"wp-image-74415\" srcset=\"https:\/\/blogdoedvaldomagalhaes.com.br\/wp-content\/uploads\/2021\/09\/IMG-20210907-WA0396-1024x651.jpg 1024w, https:\/\/blogdoedvaldomagalhaes.com.br\/wp-content\/uploads\/2021\/09\/IMG-20210907-WA0396-300x191.jpg 300w, https:\/\/blogdoedvaldomagalhaes.com.br\/wp-content\/uploads\/2021\/09\/IMG-20210907-WA0396-768x488.jpg 768w, https:\/\/blogdoedvaldomagalhaes.com.br\/wp-content\/uploads\/2021\/09\/IMG-20210907-WA0396.jpg 1132w\" sizes=\"auto, (max-width: 1024px) 100vw, 1024px\" \/><figcaption>Foto: PRF<\/figcaption><\/figure>\n\n\n\n<figure class=\"wp-block-image size-large\"><img loading=\"lazy\" decoding=\"async\" width=\"1024\" height=\"576\" src=\"https:\/\/blogdoedvaldomagalhaes.com.br\/wp-content\/uploads\/2021\/09\/IMG-20210907-WA0395-1024x576.jpg\" alt=\"\" class=\"wp-image-74418\" srcset=\"https:\/\/blogdoedvaldomagalhaes.com.br\/wp-content\/uploads\/2021\/09\/IMG-20210907-WA0395-1024x576.jpg 1024w, https:\/\/blogdoedvaldomagalhaes.com.br\/wp-content\/uploads\/2021\/09\/IMG-20210907-WA0395-300x169.jpg 300w, https:\/\/blogdoedvaldomagalhaes.com.br\/wp-content\/uploads\/2021\/09\/IMG-20210907-WA0395-768x432.jpg 768w, https:\/\/blogdoedvaldomagalhaes.com.br\/wp-content\/uploads\/2021\/09\/IMG-20210907-WA0395-1140x641.jpg 1140w, https:\/\/blogdoedvaldomagalhaes.com.br\/wp-content\/uploads\/2021\/09\/IMG-20210907-WA0395-720x405.jpg 720w, https:\/\/blogdoedvaldomagalhaes.com.br\/wp-content\/uploads\/2021\/09\/IMG-20210907-WA0395.jpg 1280w\" sizes=\"auto, (max-width: 1024px) 100vw, 1024px\" \/><figcaption>Foto: PRF<\/figcaption><\/figure>\n\n\n\n<figure class=\"wp-block-image size-large\"><img loading=\"lazy\" decoding=\"async\" width=\"1024\" height=\"576\" src=\"https:\/\/blogdoedvaldomagalhaes.com.br\/wp-content\/uploads\/2021\/09\/IMG-20210907-WA0397-1024x576.jpg\" alt=\"\" class=\"wp-image-74420\" srcset=\"https:\/\/blogdoedvaldomagalhaes.com.br\/wp-content\/uploads\/2021\/09\/IMG-20210907-WA0397-1024x576.jpg 1024w, https:\/\/blogdoedvaldomagalhaes.com.br\/wp-content\/uploads\/2021\/09\/IMG-20210907-WA0397-300x169.jpg 300w, https:\/\/blogdoedvaldomagalhaes.com.br\/wp-content\/uploads\/2021\/09\/IMG-20210907-WA0397-768x432.jpg 768w, https:\/\/blogdoedvaldomagalhaes.com.br\/wp-content\/uploads\/2021\/09\/IMG-20210907-WA0397-1536x864.jpg 1536w, https:\/\/blogdoedvaldomagalhaes.com.br\/wp-content\/uploads\/2021\/09\/IMG-20210907-WA0397-1140x641.jpg 1140w, https:\/\/blogdoedvaldomagalhaes.com.br\/wp-content\/uploads\/2021\/09\/IMG-20210907-WA0397-720x405.jpg 720w, https:\/\/blogdoedvaldomagalhaes.com.br\/wp-content\/uploads\/2021\/09\/IMG-20210907-WA0397.jpg 1599w\" sizes=\"auto, (max-width: 1024px) 100vw, 1024px\" \/><figcaption>Foto: PRF\/Divulga\u00e7\u00e3o<\/figcaption><\/figure>\n\n\n\n<figure class=\"wp-block-image size-large\"><img loading=\"lazy\" decoding=\"async\" width=\"719\" height=\"704\" src=\"https:\/\/blogdoedvaldomagalhaes.com.br\/wp-content\/uploads\/2021\/09\/IMG-20210907-WA0410.jpg\" alt=\"\" class=\"wp-image-74422\" srcset=\"https:\/\/blogdoedvaldomagalhaes.com.br\/wp-content\/uploads\/2021\/09\/IMG-20210907-WA0410.jpg 719w, https:\/\/blogdoedvaldomagalhaes.com.br\/wp-content\/uploads\/2021\/09\/IMG-20210907-WA0410-300x294.jpg 300w\" sizes=\"auto, (max-width: 719px) 100vw, 719px\" \/><figcaption>V\u00edtimas fatais<\/figcaption><\/figure>\n\n\n\n<figure class=\"wp-block-image size-large\"><img loading=\"lazy\" decoding=\"async\" width=\"720\" height=\"720\" src=\"https:\/\/blogdoedvaldomagalhaes.com.br\/wp-content\/uploads\/2021\/09\/FB_IMG_1631068403107.jpg\" alt=\"\" class=\"wp-image-74433\" srcset=\"https:\/\/blogdoedvaldomagalhaes.com.br\/wp-content\/uploads\/2021\/09\/FB_IMG_1631068403107.jpg 720w, https:\/\/blogdoedvaldomagalhaes.com.br\/wp-content\/uploads\/2021\/09\/FB_IMG_1631068403107-300x300.jpg 300w, https:\/\/blogdoedvaldomagalhaes.com.br\/wp-content\/uploads\/2021\/09\/FB_IMG_1631068403107-150x150.jpg 150w\" sizes=\"auto, (max-width: 720px) 100vw, 720px\" \/><figcaption>Descanso eterno d\u00e1-lhe Senhor, a luz perp\u00e9tua e o resplendor <\/figcaption><\/figure>\n","protected":false},"excerpt":{"rendered":"<p>Por volta das 18h40 desta ter\u00e7a-feira (07), ocorreu uma colis\u00e3o frontal entre um Sandero e um Corolla, no km 154&hellip;<\/p>\n","protected":false},"author":1,"featured_media":74401,"comment_status":"open","ping_status":"open","sticky":false,"template":"","format":"standard","meta":{"footnotes":""},"categories":[14120],"tags":[14276,2,19532,22726,1950],"class_list":["post-74400","post","type-post","status-publish","format-standard","has-post-thumbnail","hentry","category-noticias","tag-acidente","tag-blog-do-edvaldo-magalhaes","tag-blog-mais-acessado-e-visualizado-de-caruaru-e-regiao","tag-colisao-entre-dois-carros-deixa-3-mortos-e-2-feridos-na-br-232-no-agreste-pe","tag-noticias-de-caruaru"],"_links":{"self":[{"href":"https:\/\/blogdoedvaldomagalhaes.com.br\/index.php\/wp-json\/wp\/v2\/posts\/74400","targetHints":{"allow":["GET"]}}],"collection":[{"href":"https:\/\/blogdoedvaldomagalhaes.com.br\/index.php\/wp-json\/wp\/v2\/posts"}],"about":[{"href":"https:\/\/blogdoedvaldomagalhaes.com.br\/index.php\/wp-json\/wp\/v2\/types\/post"}],"author":[{"embeddable":true,"href":"https:\/\/blogdoedvaldomagalhaes.com.br\/index.php\/wp-json\/wp\/v2\/users\/1"}],"replies":[{"embeddable":true,"href":"https:\/\/blogdoedvaldomagalhaes.com.br\/index.php\/wp-json\/wp\/v2\/comments?post=74400"}],"version-history":[{"count":16,"href":"https:\/\/blogdoedvaldomagalhaes.com.br\/index.php\/wp-json\/wp\/v2\/posts\/74400\/revisions"}],"predecessor-version":[{"id":74434,"href":"https:\/\/blogdoedvaldomagalhaes.com.br\/index.php\/wp-json\/wp\/v2\/posts\/74400\/revisions\/74434"}],"wp:featuredmedia":[{"embeddable":true,"href":"https:\/\/blogdoedvaldomagalhaes.com.br\/index.php\/wp-json\/wp\/v2\/media\/74401"}],"wp:attachment":[{"href":"https:\/\/blogdoedvaldomagalhaes.com.br\/index.php\/wp-json\/wp\/v2\/media?parent=74400"}],"wp:term":[{"taxonomy":"category","embeddable":true,"href":"https:\/\/blogdoedvaldomagalhaes.com.br\/index.php\/wp-json\/wp\/v2\/categories?post=74400"},{"taxonomy":"post_tag","embeddable":true,"href":"https:\/\/blogdoedvaldomagalhaes.com.br\/index.php\/wp-json\/wp\/v2\/tags?post=74400"}],"curies":[{"name":"wp","href":"https:\/\/api.w.org\/{rel}","templated":true}]}}