{"id":744,"date":"2018-11-11T00:00:00","date_gmt":"2018-11-11T02:00:00","guid":{"rendered":"http:\/\/blogdoedvaldomagalhaes.com.br\/index.php\/2018\/11\/11\/feijoada-em-prol-da-catedral-de-caruaru\/"},"modified":"2019-02-09T02:39:10","modified_gmt":"2019-02-09T04:39:10","slug":"feijoada-em-prol-da-catedral-de-caruaru","status":"publish","type":"post","link":"https:\/\/blogdoedvaldomagalhaes.com.br\/index.php\/2018\/11\/11\/feijoada-em-prol-da-catedral-de-caruaru\/","title":{"rendered":"Feijoada em prol da Catedral de Caruaru neste domingo (11)"},"content":{"rendered":"<div class=\"separator\" style=\"clear: both; text-align: center;\">\n<a href=\"https:\/\/2.bp.blogspot.com\/-KEgjSTULVkk\/W-dwksI6zbI\/AAAAAAAA9UY\/HdCJWk0pnjIHYhcn02vph6djCMBscNHcQCLcBGAs\/s1600\/images.jpeg\" imageanchor=\"1\" style=\"margin-left: 1em; margin-right: 1em;\"><img loading=\"lazy\" decoding=\"async\" border=\"0\" data-original-height=\"666\" data-original-width=\"461\" height=\"640\" src=\"http:\/\/blogdoedvaldomagalhaes.com.br\/wp-content\/uploads\/2018\/11\/images-1.jpeg\" width=\"442\" \/><\/a><\/div>\n<div class=\"separator\" style=\"clear: both; text-align: center;\">\n<\/div>\n<div class=\"separator\" style=\"clear: both; text-align: justify;\">\nSer\u00e1 realizada neste domingo (11), no Sesc Caruaru, localizado na rua Rui Limeira Rosal, no bairro Petr\u00f3polis, a &#8220;Feijoada &amp; Forr\u00f3&#8221; em prol da reforma da Catedral de Nossa Senhora das Dores. O evento ter\u00e1 in\u00edcio \u00e0s 11h, com anima\u00e7\u00e3o de v\u00e1rios artistas. Os ingressos custam R$ 30 e podem ser adquiridos na secretaria da Catedral.<\/div>\n<div class=\"separator\" style=\"clear: both; text-align: justify;\">\n<\/div>\n<div class=\"separator\" style=\"clear: both; text-align: justify;\">\nA reforma da igreja que est\u00e1 no momento com 65% das a\u00e7\u00f5es de revitaliza\u00e7\u00e3o conclu\u00eddas.&nbsp;<\/div>\n<div class=\"separator\" style=\"clear: both; text-align: justify;\">\n<\/div>\n","protected":false},"excerpt":{"rendered":"<p>Ser\u00e1 realizada neste domingo (11), no Sesc Caruaru, localizado na rua Rui Limeira Rosal, no bairro Petr\u00f3polis, a &#8220;Feijoada &amp;&hellip;<\/p>\n","protected":false},"author":1,"featured_media":0,"comment_status":"open","ping_status":"open","sticky":false,"template":"","format":"standard","meta":{"footnotes":""},"categories":[1],"tags":[2,688,6],"class_list":["post-744","post","type-post","status-publish","format-standard","hentry","category-sem-categoria","tag-blog-do-edvaldo-magalhaes","tag-feijoada-em-prol-da-catedral-de-caruaru-neste-domingo-11","tag-noticias"],"_links":{"self":[{"href":"https:\/\/blogdoedvaldomagalhaes.com.br\/index.php\/wp-json\/wp\/v2\/posts\/744","targetHints":{"allow":["GET"]}}],"collection":[{"href":"https:\/\/blogdoedvaldomagalhaes.com.br\/index.php\/wp-json\/wp\/v2\/posts"}],"about":[{"href":"https:\/\/blogdoedvaldomagalhaes.com.br\/index.php\/wp-json\/wp\/v2\/types\/post"}],"author":[{"embeddable":true,"href":"https:\/\/blogdoedvaldomagalhaes.com.br\/index.php\/wp-json\/wp\/v2\/users\/1"}],"replies":[{"embeddable":true,"href":"https:\/\/blogdoedvaldomagalhaes.com.br\/index.php\/wp-json\/wp\/v2\/comments?post=744"}],"version-history":[{"count":1,"href":"https:\/\/blogdoedvaldomagalhaes.com.br\/index.php\/wp-json\/wp\/v2\/posts\/744\/revisions"}],"predecessor-version":[{"id":35712,"href":"https:\/\/blogdoedvaldomagalhaes.com.br\/index.php\/wp-json\/wp\/v2\/posts\/744\/revisions\/35712"}],"wp:attachment":[{"href":"https:\/\/blogdoedvaldomagalhaes.com.br\/index.php\/wp-json\/wp\/v2\/media?parent=744"}],"wp:term":[{"taxonomy":"category","embeddable":true,"href":"https:\/\/blogdoedvaldomagalhaes.com.br\/index.php\/wp-json\/wp\/v2\/categories?post=744"},{"taxonomy":"post_tag","embeddable":true,"href":"https:\/\/blogdoedvaldomagalhaes.com.br\/index.php\/wp-json\/wp\/v2\/tags?post=744"}],"curies":[{"name":"wp","href":"https:\/\/api.w.org\/{rel}","templated":true}]}}