{"id":74397,"date":"2021-09-07T14:10:49","date_gmt":"2021-09-07T17:10:49","guid":{"rendered":"https:\/\/blogdoedvaldomagalhaes.com.br\/?p=74397"},"modified":"2021-09-07T14:10:51","modified_gmt":"2021-09-07T17:10:51","slug":"pm-prende-mae-suspeita-de-agredir-o-proprio-filho-de-1-ano-e-6-meses","status":"publish","type":"post","link":"https:\/\/blogdoedvaldomagalhaes.com.br\/index.php\/2021\/09\/07\/pm-prende-mae-suspeita-de-agredir-o-proprio-filho-de-1-ano-e-6-meses\/","title":{"rendered":"PM prende m\u00e3e suspeita de agredir o pr\u00f3prio filho de 1 ano e 6 meses"},"content":{"rendered":"<p style=\"text-align: justify;\"><span style=\"font-size: inherit;\">Na noite de segunda-feira (06\/09), policiais militares do 19\u00ba BPM prenderam uma mulher suspeita de ter agredido o pr\u00f3prio filho, de um ano e meio, na Rua Arnaldo de Holanda, em Boa Viagem. A crian\u00e7a, que teria sido jogada no ch\u00e3o, foi socorrida para o Hospital da Restaura\u00e7\u00e3o por populares.\u00a0<\/span><\/p>\n<p style=\"text-align: justify;\">A crian\u00e7a foi levada, \u00e0s pressas, para o Hospital da Restaura\u00e7\u00e3o, no Derby, \u00e1rea central da cidade, com v\u00e1rios hematomas pelo corpo e cortes na cabe\u00e7a e no t\u00f3rax.<\/p>\n<p style=\"text-align: justify;\">A mulher foi conduzida para o DHPP pelo policiamento, para ado\u00e7\u00e3o das medidas legais cab\u00edveis.<\/p>\n<p>Foto: Stock<\/p>\n","protected":false},"excerpt":{"rendered":"<p>Na noite de segunda-feira (06\/09), policiais militares do 19\u00ba BPM prenderam uma mulher suspeita de ter agredido o pr\u00f3prio filho,&hellip;<\/p>\n","protected":false},"author":1,"featured_media":74398,"comment_status":"open","ping_status":"open","sticky":false,"template":"","format":"standard","meta":{"footnotes":""},"categories":[14121],"tags":[2,19532,3406,22725],"class_list":["post-74397","post","type-post","status-publish","format-standard","has-post-thumbnail","hentry","category-policial","tag-blog-do-edvaldo-magalhaes","tag-blog-mais-acessado-e-visualizado-de-caruaru-e-regiao","tag-caruaru","tag-pm-prende-mae-suspeita-de-agredir-o-proprio-filho-de-1-ano-e-6-meses"],"_links":{"self":[{"href":"https:\/\/blogdoedvaldomagalhaes.com.br\/index.php\/wp-json\/wp\/v2\/posts\/74397","targetHints":{"allow":["GET"]}}],"collection":[{"href":"https:\/\/blogdoedvaldomagalhaes.com.br\/index.php\/wp-json\/wp\/v2\/posts"}],"about":[{"href":"https:\/\/blogdoedvaldomagalhaes.com.br\/index.php\/wp-json\/wp\/v2\/types\/post"}],"author":[{"embeddable":true,"href":"https:\/\/blogdoedvaldomagalhaes.com.br\/index.php\/wp-json\/wp\/v2\/users\/1"}],"replies":[{"embeddable":true,"href":"https:\/\/blogdoedvaldomagalhaes.com.br\/index.php\/wp-json\/wp\/v2\/comments?post=74397"}],"version-history":[{"count":1,"href":"https:\/\/blogdoedvaldomagalhaes.com.br\/index.php\/wp-json\/wp\/v2\/posts\/74397\/revisions"}],"predecessor-version":[{"id":74399,"href":"https:\/\/blogdoedvaldomagalhaes.com.br\/index.php\/wp-json\/wp\/v2\/posts\/74397\/revisions\/74399"}],"wp:featuredmedia":[{"embeddable":true,"href":"https:\/\/blogdoedvaldomagalhaes.com.br\/index.php\/wp-json\/wp\/v2\/media\/74398"}],"wp:attachment":[{"href":"https:\/\/blogdoedvaldomagalhaes.com.br\/index.php\/wp-json\/wp\/v2\/media?parent=74397"}],"wp:term":[{"taxonomy":"category","embeddable":true,"href":"https:\/\/blogdoedvaldomagalhaes.com.br\/index.php\/wp-json\/wp\/v2\/categories?post=74397"},{"taxonomy":"post_tag","embeddable":true,"href":"https:\/\/blogdoedvaldomagalhaes.com.br\/index.php\/wp-json\/wp\/v2\/tags?post=74397"}],"curies":[{"name":"wp","href":"https:\/\/api.w.org\/{rel}","templated":true}]}}