{"id":74392,"date":"2021-09-07T10:24:05","date_gmt":"2021-09-07T13:24:05","guid":{"rendered":"https:\/\/blogdoedvaldomagalhaes.com.br\/?p=74392"},"modified":"2021-09-07T10:49:43","modified_gmt":"2021-09-07T13:49:43","slug":"bebe-de-tres-meses-morre-engasgada-em-caruaru","status":"publish","type":"post","link":"https:\/\/blogdoedvaldomagalhaes.com.br\/index.php\/2021\/09\/07\/bebe-de-tres-meses-morre-engasgada-em-caruaru\/","title":{"rendered":"Beb\u00ea de tr\u00eas meses morre engasgada em Caruaru"},"content":{"rendered":"<p style=\"text-align: justify;\">Uma beb\u00ea morreu engasgada na manh\u00e3 desta segunda-feira (06), no bairro S\u00e3o Jos\u00e9, em Caruaru,<span style=\"font-size: inherit;\">&nbsp;Agreste de Pernambuco. L\u00edvia Daiane da Silva Santos, de tr\u00eas meses, estava dormindo com a m\u00e3e e de repente se engasgou, possivelmente com a pr\u00f3pria saliva.<\/span><\/p>\n<p style=\"text-align: justify;\">A m\u00e3e desesperada saiu na rua pedindo ajuda e um vizinho foi com ela a UPA do bairro Rendeiras, por\u00e9m, a bebezinha morreu no trajeto. A 2\u00aa Delegacia instaurou inqu\u00e9rito para apurar o caso.<\/p>\n<p style=\"text-align: justify;\">Por Helenivaldo Pereira.<\/p>\n\n\n<figure class=\"wp-block-image size-large\"><img loading=\"lazy\" decoding=\"async\" width=\"686\" height=\"1024\" src=\"https:\/\/blogdoedvaldomagalhaes.com.br\/wp-content\/uploads\/2021\/09\/IMG-20210907-WA0083-686x1024.jpg\" alt=\"\" class=\"wp-image-74395\" srcset=\"https:\/\/blogdoedvaldomagalhaes.com.br\/wp-content\/uploads\/2021\/09\/IMG-20210907-WA0083-686x1024.jpg 686w, https:\/\/blogdoedvaldomagalhaes.com.br\/wp-content\/uploads\/2021\/09\/IMG-20210907-WA0083-201x300.jpg 201w, https:\/\/blogdoedvaldomagalhaes.com.br\/wp-content\/uploads\/2021\/09\/IMG-20210907-WA0083-768x1147.jpg 768w, https:\/\/blogdoedvaldomagalhaes.com.br\/wp-content\/uploads\/2021\/09\/IMG-20210907-WA0083.jpg 857w\" sizes=\"auto, (max-width: 686px) 100vw, 686px\" \/><figcaption>Que Deus conforte a fam\u00edlia \ud83d\ude4f<\/figcaption><\/figure>\n","protected":false},"excerpt":{"rendered":"<p>Uma beb\u00ea morreu engasgada na manh\u00e3 desta segunda-feira (06), no bairro S\u00e3o Jos\u00e9, em Caruaru,&nbsp;Agreste de Pernambuco. L\u00edvia Daiane da&hellip;<\/p>\n","protected":false},"author":1,"featured_media":74393,"comment_status":"open","ping_status":"open","sticky":false,"template":"","format":"standard","meta":{"footnotes":""},"categories":[14120],"tags":[22724,2,19532,1950],"class_list":["post-74392","post","type-post","status-publish","format-standard","has-post-thumbnail","hentry","category-noticias","tag-bebe-de-tres-meses-morre-engasgada-em-caruaru","tag-blog-do-edvaldo-magalhaes","tag-blog-mais-acessado-e-visualizado-de-caruaru-e-regiao","tag-noticias-de-caruaru"],"_links":{"self":[{"href":"https:\/\/blogdoedvaldomagalhaes.com.br\/index.php\/wp-json\/wp\/v2\/posts\/74392","targetHints":{"allow":["GET"]}}],"collection":[{"href":"https:\/\/blogdoedvaldomagalhaes.com.br\/index.php\/wp-json\/wp\/v2\/posts"}],"about":[{"href":"https:\/\/blogdoedvaldomagalhaes.com.br\/index.php\/wp-json\/wp\/v2\/types\/post"}],"author":[{"embeddable":true,"href":"https:\/\/blogdoedvaldomagalhaes.com.br\/index.php\/wp-json\/wp\/v2\/users\/1"}],"replies":[{"embeddable":true,"href":"https:\/\/blogdoedvaldomagalhaes.com.br\/index.php\/wp-json\/wp\/v2\/comments?post=74392"}],"version-history":[{"count":2,"href":"https:\/\/blogdoedvaldomagalhaes.com.br\/index.php\/wp-json\/wp\/v2\/posts\/74392\/revisions"}],"predecessor-version":[{"id":74396,"href":"https:\/\/blogdoedvaldomagalhaes.com.br\/index.php\/wp-json\/wp\/v2\/posts\/74392\/revisions\/74396"}],"wp:featuredmedia":[{"embeddable":true,"href":"https:\/\/blogdoedvaldomagalhaes.com.br\/index.php\/wp-json\/wp\/v2\/media\/74393"}],"wp:attachment":[{"href":"https:\/\/blogdoedvaldomagalhaes.com.br\/index.php\/wp-json\/wp\/v2\/media?parent=74392"}],"wp:term":[{"taxonomy":"category","embeddable":true,"href":"https:\/\/blogdoedvaldomagalhaes.com.br\/index.php\/wp-json\/wp\/v2\/categories?post=74392"},{"taxonomy":"post_tag","embeddable":true,"href":"https:\/\/blogdoedvaldomagalhaes.com.br\/index.php\/wp-json\/wp\/v2\/tags?post=74392"}],"curies":[{"name":"wp","href":"https:\/\/api.w.org\/{rel}","templated":true}]}}