{"id":74389,"date":"2021-09-06T20:32:46","date_gmt":"2021-09-06T23:32:46","guid":{"rendered":"https:\/\/blogdoedvaldomagalhaes.com.br\/?p=74389"},"modified":"2021-09-06T20:32:48","modified_gmt":"2021-09-06T23:32:48","slug":"secretaria-de-saude-pe-registra-mais-de-610-mil-casos-de-covid-19-e-mais-de-545-mil-recuperados","status":"publish","type":"post","link":"https:\/\/blogdoedvaldomagalhaes.com.br\/index.php\/2021\/09\/06\/secretaria-de-saude-pe-registra-mais-de-610-mil-casos-de-covid-19-e-mais-de-545-mil-recuperados\/","title":{"rendered":"Secretaria de Sa\u00fade-PE registra mais de 610 mil casos de covid-19 e mais de 545 mil recuperados"},"content":{"rendered":"<p style=\"text-align: justify;\"><span lang=\"PT\">A Secretaria Estadual de Sa\u00fade (SES-PE) registrou, nesta segunda-feira (06\/09), 443 casos da Covid-19. Entre os confirmados hoje, 40 (9%) s\u00e3o casos de S\u00edndrome Respirat\u00f3ria Aguda Grave (SRAG) e 403 (91%) s\u00e3o leves. Agora, Pernambuco totaliza 610.740 casos confirmados da doen\u00e7a, sendo 53.504 graves e 557.236 leves,\u00a0que\u00a0est\u00e3o\u00a0distribu\u00eddos\u00a0por\u00a0todos\u00a0os\u00a0184\u00a0munic\u00edpios\u00a0pernambucanos,\u00a0al\u00e9m\u00a0do\u00a0arquip\u00e9lago\u00a0de\u00a0Fernando\u00a0de\u00a0Noronha.<\/span><\/p>\n<p style=\"text-align: justify;\"><span lang=\"PT\">Al\u00e9m disso, o boletim registra um total de 545.003 pacientes recuperados da doen\u00e7a. Destes,\u00a031.851 eram pacientes graves, que necessitaram de internamento hospitalar, e\u00a0513.152 eram\u00a0casos\u00a0leves.<\/span><\/p>\n<p style=\"text-align: justify;\"><span lang=\"PT\">Tamb\u00e9m foram confirmados laboratorialmente 7 novos \u00f3bitos (4 masculinos e 3 femininos), ocorridos entre os dias 05\/03\/2021 e 18\/08\/2021. As novas mortes s\u00e3o de pessoas residentes dos munic\u00edpios de Recife (5), Ilha de Itamarac\u00e1 (1) e Tabira (1). Com isso, o Estado totaliza 19.469 mortes pela Covid-19.<\/span><\/p>\n<p style=\"text-align: justify;\"><span lang=\"PT\">Os pacientes tinham idades entre 57 e 88 anos. As faixas et\u00e1rias s\u00e3o: 50 a 59 (1), 60 a 69 (1), 70 a 79 (2) e 80 e mais (3). Desse total, as sete tinham doen\u00e7as preexistentes: doen\u00e7a cardiovascular (2), hipertens\u00e3o (4), diabetes (5) e doen\u00e7a respirat\u00f3ria (2).<b><\/b><\/span><\/p>\n<p style=\"text-align: justify;\"><b><span lang=\"PT\">BALAN\u00c7O DA VACINA\u00c7\u00c3O \u2013\u00a0<\/span><\/b><span lang=\"PT\">Pernambuco j\u00e1 aplicou 8.406.070 doses de vacinas contra a Covid-19 na sua popula\u00e7\u00e3o, desde o in\u00edcio da campanha de imuniza\u00e7\u00e3o no Estado. Desse total, 2.660.636 pernambucanos completaram seus esquemas vacinais, sendo 2.487.645 pessoas que foram vacinadas com imunizantes aplicados em duas doses e outros 172.991 pernambucanos que foram contemplados com vacina aplicada em dose \u00fanica.<\/span><\/p>\n<p style=\"text-align: justify;\"><span lang=\"PT\">Com rela\u00e7\u00e3o apenas \u00e0s primeiras doses, foram 5.745.434 aplica\u00e7\u00f5es. Ao todo, foram feitas a primeira dose em 324.650 trabalhadores de sa\u00fade; 26.192 povos ind\u00edgenas aldeados; 45.540 em comunidades quilombolas; 7.700 idosos em Institui\u00e7\u00f5es de Longa Perman\u00eancia; 683.153 idosos de 60 a 69 anos; 612.167 idosos de 70 e mais; 2.463 pessoas com defici\u00eancia institucionalizadas; 436.350 pessoas com comorbidades; 36.052 pessoas com defici\u00eancia permanente; 76.577 gestantes e pu\u00e9rperas; 424.056 trabalhadores de servi\u00e7os essenciais; 2.009 pessoas em situa\u00e7\u00e3o de rua; 30.946 pessoas privadas de liberdade, 90.059 adolescentes de 12 a 17 anos de idade, al\u00e9m de 2.947.520 pessoas de 18 a 59 anos.<\/span><\/p>\n<p style=\"text-align: justify;\"><span lang=\"PT\">Em rela\u00e7\u00e3o \u00e0s segundas doses, j\u00e1 foram beneficiados 289.940 trabalhadores de sa\u00fade; 26.057 povos ind\u00edgenas aldeados; 42.791 em comunidades quilombolas; 5.943 idosos institucionalizados; 592.481 idosos de 60 a 69 anos; 528.218 idosos de 70 e mais; 1.191 pessoas com defici\u00eancia institucionalizadas; 258.919 pessoas com comorbidades; 17.522 pessoas com defici\u00eancia permanente; 29.548 gestantes e pu\u00e9rperas; 193.883 trabalhadores de servi\u00e7os essenciais; 1.080 pessoas em situa\u00e7\u00e3o de rua; 28.463 pessoas privadas de liberdade; al\u00e9m de 471.609 pessoas de 18 a 59 anos, totalizando 2.487.645 pernambucanos.<\/span><\/p>\n<p style=\"text-align: justify;\"><span lang=\"PT\">Em rela\u00e7\u00e3o \u00e0 dose \u00fanica, foram beneficiadas 2.225 idosos de 60 a 69 anos; 569 idosos de 70 anos e mais; 2.502 pessoas com comorbidades; 373 pessoas com defici\u00eancia permanente; 12.282 trabalhadores de servi\u00e7os essenciais; 1.025 pessoas em situa\u00e7\u00e3o de rua, al\u00e9m de 154.015 pessoas de 18 a 59 anos, totalizando 172.991 doses \u00fanicas.<\/span><\/p>\n<p>Foto: istock.<\/p>\n","protected":false},"excerpt":{"rendered":"<p>A Secretaria Estadual de Sa\u00fade (SES-PE) registrou, nesta segunda-feira (06\/09), 443 casos da Covid-19. Entre os confirmados hoje, 40 (9%)&hellip;<\/p>\n","protected":false},"author":1,"featured_media":74390,"comment_status":"open","ping_status":"open","sticky":false,"template":"","format":"standard","meta":{"footnotes":""},"categories":[14120],"tags":[2,19532,17559,16754,19670,22723],"class_list":["post-74389","post","type-post","status-publish","format-standard","has-post-thumbnail","hentry","category-noticias","tag-blog-do-edvaldo-magalhaes","tag-blog-mais-acessado-e-visualizado-de-caruaru-e-regiao","tag-covid-19","tag-noticia-de-caruaru","tag-novo-coronavirus","tag-secretaria-de-saude-pe-registra-mais-de-610-mil-casos-de-covid-19-e-mais-de-545-mil-recuperados"],"_links":{"self":[{"href":"https:\/\/blogdoedvaldomagalhaes.com.br\/index.php\/wp-json\/wp\/v2\/posts\/74389","targetHints":{"allow":["GET"]}}],"collection":[{"href":"https:\/\/blogdoedvaldomagalhaes.com.br\/index.php\/wp-json\/wp\/v2\/posts"}],"about":[{"href":"https:\/\/blogdoedvaldomagalhaes.com.br\/index.php\/wp-json\/wp\/v2\/types\/post"}],"author":[{"embeddable":true,"href":"https:\/\/blogdoedvaldomagalhaes.com.br\/index.php\/wp-json\/wp\/v2\/users\/1"}],"replies":[{"embeddable":true,"href":"https:\/\/blogdoedvaldomagalhaes.com.br\/index.php\/wp-json\/wp\/v2\/comments?post=74389"}],"version-history":[{"count":1,"href":"https:\/\/blogdoedvaldomagalhaes.com.br\/index.php\/wp-json\/wp\/v2\/posts\/74389\/revisions"}],"predecessor-version":[{"id":74391,"href":"https:\/\/blogdoedvaldomagalhaes.com.br\/index.php\/wp-json\/wp\/v2\/posts\/74389\/revisions\/74391"}],"wp:featuredmedia":[{"embeddable":true,"href":"https:\/\/blogdoedvaldomagalhaes.com.br\/index.php\/wp-json\/wp\/v2\/media\/74390"}],"wp:attachment":[{"href":"https:\/\/blogdoedvaldomagalhaes.com.br\/index.php\/wp-json\/wp\/v2\/media?parent=74389"}],"wp:term":[{"taxonomy":"category","embeddable":true,"href":"https:\/\/blogdoedvaldomagalhaes.com.br\/index.php\/wp-json\/wp\/v2\/categories?post=74389"},{"taxonomy":"post_tag","embeddable":true,"href":"https:\/\/blogdoedvaldomagalhaes.com.br\/index.php\/wp-json\/wp\/v2\/tags?post=74389"}],"curies":[{"name":"wp","href":"https:\/\/api.w.org\/{rel}","templated":true}]}}