{"id":74384,"date":"2021-09-06T19:52:26","date_gmt":"2021-09-06T22:52:26","guid":{"rendered":"https:\/\/blogdoedvaldomagalhaes.com.br\/?p=74384"},"modified":"2021-09-06T19:52:28","modified_gmt":"2021-09-06T22:52:28","slug":"caruaru-alcanca-meta-de-vacinacao-de-1a-dose-recomendada-pelo-ministerio-da-saude","status":"publish","type":"post","link":"https:\/\/blogdoedvaldomagalhaes.com.br\/index.php\/2021\/09\/06\/caruaru-alcanca-meta-de-vacinacao-de-1a-dose-recomendada-pelo-ministerio-da-saude\/","title":{"rendered":"Caruaru alcan\u00e7a meta de vacina\u00e7\u00e3o de 1\u00aa dose recomendada pelo Minist\u00e9rio da Sa\u00fade"},"content":{"rendered":"<p style=\"text-align: justify;\">A Secretaria de Sa\u00fade de Caruaru,\u00a0Agreste de Pernambuco, confirmou 4 novos casos de covid-19 nesta segunda-feira (06). O boletim n\u00e3o registrou \u00f3bito em decorr\u00eancia da doen\u00e7a.<\/p>\n<p style=\"text-align: justify;\">Do in\u00edcio da pandemia at\u00e9 agora, o munic\u00edpio totaliza 32.444 casos confirmados e 708 mortes. Al\u00e9m disso, 31.691 pessoas se recuperaram do v\u00edrus.<\/p>\n<p style=\"text-align: justify;\">At\u00e9 esta segunda, foram aplicadas em Caruaru 327.980 mil doses de vacina contra a covid-19. Com isso, mais de 90% da popula\u00e7\u00e3o acima de 18 anos j\u00e1 receberam, pelo menos, uma dose.<\/p>\n<p style=\"text-align: justify;\">Para se vacinar, \u00e9 preciso fazer o pr\u00e9-cadastro no site\u00a0<a href=\"http:\/\/vacina.caruaru.pe.gov.br\/\"><strong>vacina.caruaru.pe.gov.br<\/strong><\/a>\u00a0ou pelo Disque-Vacina, no\u00a0<strong>0800 281 7080<\/strong>.<\/p>\n<p style=\"text-align: justify;\">Atualmente, a vacina\u00e7\u00e3o no munic\u00edpio est\u00e1 aberta para a popula\u00e7\u00e3o geral acima de 18 anos. J\u00e1 o pr\u00e9-cadastro est\u00e1 dispon\u00edvel para pessoas com 12 anos ou mais.<\/p>\n","protected":false},"excerpt":{"rendered":"<p>A Secretaria de Sa\u00fade de Caruaru,\u00a0Agreste de Pernambuco, confirmou 4 novos casos de covid-19 nesta segunda-feira (06). O boletim n\u00e3o&hellip;<\/p>\n","protected":false},"author":1,"featured_media":74385,"comment_status":"open","ping_status":"open","sticky":false,"template":"","format":"standard","meta":{"footnotes":""},"categories":[14120],"tags":[2,19532,17559,1950,19670],"class_list":["post-74384","post","type-post","status-publish","format-standard","has-post-thumbnail","hentry","category-noticias","tag-blog-do-edvaldo-magalhaes","tag-blog-mais-acessado-e-visualizado-de-caruaru-e-regiao","tag-covid-19","tag-noticias-de-caruaru","tag-novo-coronavirus"],"_links":{"self":[{"href":"https:\/\/blogdoedvaldomagalhaes.com.br\/index.php\/wp-json\/wp\/v2\/posts\/74384","targetHints":{"allow":["GET"]}}],"collection":[{"href":"https:\/\/blogdoedvaldomagalhaes.com.br\/index.php\/wp-json\/wp\/v2\/posts"}],"about":[{"href":"https:\/\/blogdoedvaldomagalhaes.com.br\/index.php\/wp-json\/wp\/v2\/types\/post"}],"author":[{"embeddable":true,"href":"https:\/\/blogdoedvaldomagalhaes.com.br\/index.php\/wp-json\/wp\/v2\/users\/1"}],"replies":[{"embeddable":true,"href":"https:\/\/blogdoedvaldomagalhaes.com.br\/index.php\/wp-json\/wp\/v2\/comments?post=74384"}],"version-history":[{"count":1,"href":"https:\/\/blogdoedvaldomagalhaes.com.br\/index.php\/wp-json\/wp\/v2\/posts\/74384\/revisions"}],"predecessor-version":[{"id":74386,"href":"https:\/\/blogdoedvaldomagalhaes.com.br\/index.php\/wp-json\/wp\/v2\/posts\/74384\/revisions\/74386"}],"wp:featuredmedia":[{"embeddable":true,"href":"https:\/\/blogdoedvaldomagalhaes.com.br\/index.php\/wp-json\/wp\/v2\/media\/74385"}],"wp:attachment":[{"href":"https:\/\/blogdoedvaldomagalhaes.com.br\/index.php\/wp-json\/wp\/v2\/media?parent=74384"}],"wp:term":[{"taxonomy":"category","embeddable":true,"href":"https:\/\/blogdoedvaldomagalhaes.com.br\/index.php\/wp-json\/wp\/v2\/categories?post=74384"},{"taxonomy":"post_tag","embeddable":true,"href":"https:\/\/blogdoedvaldomagalhaes.com.br\/index.php\/wp-json\/wp\/v2\/tags?post=74384"}],"curies":[{"name":"wp","href":"https:\/\/api.w.org\/{rel}","templated":true}]}}