{"id":74381,"date":"2021-09-06T19:27:42","date_gmt":"2021-09-06T22:27:42","guid":{"rendered":"https:\/\/blogdoedvaldomagalhaes.com.br\/?p=74381"},"modified":"2021-09-06T20:06:15","modified_gmt":"2021-09-06T23:06:15","slug":"suspeitas-de-matar-crianca-em-caruaru-sao-presas-na-paraiba","status":"publish","type":"post","link":"https:\/\/blogdoedvaldomagalhaes.com.br\/index.php\/2021\/09\/06\/suspeitas-de-matar-crianca-em-caruaru-sao-presas-na-paraiba\/","title":{"rendered":"Suspeitas de matar crian\u00e7a em Caruaru s\u00e3o presas na Para\u00edba"},"content":{"rendered":"<p style=\"text-align: justify;\">A Pol\u00edcia Civil prendeu nesta segunda-feira (06), em Sum\u00e9, na Para\u00edba, Alexsandra Ribeiro da Silva, 23 anos, e Gabriela Ramos da Silva, 22. Elas s\u00e3o suspeitas do assassinato de uma menina de 3 anos, durante a madrugada, no Loteamento S\u00e3o Jos\u00e9, no Alto do Moura, em Caruaru,\u00a0Agreste de Pernambuco.<\/p>\n<p style=\"text-align: justify;\">Ayla Lorena Ribeiro da Silva, filha de Alexsandra, foi encontrada morta dentro de casa com sinais de espancamento. A per\u00edcia constatou v\u00e1rias les\u00f5es no corpo da garotinha.<\/p>\n<p style=\"text-align: justify;\">A av\u00f3 materna de Ayla Lorena Ribeiro da Silva disse que a namorada da m\u00e3e da crian\u00e7a mandou uma mensagem dizendo que a menina estava morta em casa. A av\u00f3 afirmou tamb\u00e9m que quando parentes entraram na resid\u00eancia a crian\u00e7a apresentava sinais de espancamento na cabe\u00e7a.<\/p>\n<p style=\"text-align: justify;\">A m\u00e3e da crian\u00e7a e a companheira foram presas durante a\u00e7\u00e3o integrada das pol\u00edcias de Pernambuco e da Para\u00edba. Elas ser\u00e3o autuadas por homic\u00eddio doloso e encaminhadas para a Col\u00f4nia Penal Feminina de Bu\u00edque.<\/p>\n<p style=\"text-align: justify;\">Por Helenivaldo Pereira.<\/p>\n","protected":false},"excerpt":{"rendered":"<p>A Pol\u00edcia Civil prendeu nesta segunda-feira (06), em Sum\u00e9, na Para\u00edba, Alexsandra Ribeiro da Silva, 23 anos, e Gabriela Ramos&hellip;<\/p>\n","protected":false},"author":1,"featured_media":74382,"comment_status":"open","ping_status":"open","sticky":false,"template":"","format":"standard","meta":{"footnotes":""},"categories":[14121],"tags":[2,19532,16754,22721],"class_list":["post-74381","post","type-post","status-publish","format-standard","has-post-thumbnail","hentry","category-policial","tag-blog-do-edvaldo-magalhaes","tag-blog-mais-acessado-e-visualizado-de-caruaru-e-regiao","tag-noticia-de-caruaru","tag-suspeitas-de-matar-crianca-em-caruaru-sao-presas-na-paraiba"],"_links":{"self":[{"href":"https:\/\/blogdoedvaldomagalhaes.com.br\/index.php\/wp-json\/wp\/v2\/posts\/74381","targetHints":{"allow":["GET"]}}],"collection":[{"href":"https:\/\/blogdoedvaldomagalhaes.com.br\/index.php\/wp-json\/wp\/v2\/posts"}],"about":[{"href":"https:\/\/blogdoedvaldomagalhaes.com.br\/index.php\/wp-json\/wp\/v2\/types\/post"}],"author":[{"embeddable":true,"href":"https:\/\/blogdoedvaldomagalhaes.com.br\/index.php\/wp-json\/wp\/v2\/users\/1"}],"replies":[{"embeddable":true,"href":"https:\/\/blogdoedvaldomagalhaes.com.br\/index.php\/wp-json\/wp\/v2\/comments?post=74381"}],"version-history":[{"count":2,"href":"https:\/\/blogdoedvaldomagalhaes.com.br\/index.php\/wp-json\/wp\/v2\/posts\/74381\/revisions"}],"predecessor-version":[{"id":74388,"href":"https:\/\/blogdoedvaldomagalhaes.com.br\/index.php\/wp-json\/wp\/v2\/posts\/74381\/revisions\/74388"}],"wp:featuredmedia":[{"embeddable":true,"href":"https:\/\/blogdoedvaldomagalhaes.com.br\/index.php\/wp-json\/wp\/v2\/media\/74382"}],"wp:attachment":[{"href":"https:\/\/blogdoedvaldomagalhaes.com.br\/index.php\/wp-json\/wp\/v2\/media?parent=74381"}],"wp:term":[{"taxonomy":"category","embeddable":true,"href":"https:\/\/blogdoedvaldomagalhaes.com.br\/index.php\/wp-json\/wp\/v2\/categories?post=74381"},{"taxonomy":"post_tag","embeddable":true,"href":"https:\/\/blogdoedvaldomagalhaes.com.br\/index.php\/wp-json\/wp\/v2\/tags?post=74381"}],"curies":[{"name":"wp","href":"https:\/\/api.w.org\/{rel}","templated":true}]}}