{"id":74378,"date":"2021-09-06T16:46:17","date_gmt":"2021-09-06T19:46:17","guid":{"rendered":"https:\/\/blogdoedvaldomagalhaes.com.br\/?p=74378"},"modified":"2021-09-06T16:46:19","modified_gmt":"2021-09-06T19:46:19","slug":"dupla-e-detida-com-carro-de-aplicativo-roubado-apos-capotar-na-br-232-em-caruaru","status":"publish","type":"post","link":"https:\/\/blogdoedvaldomagalhaes.com.br\/index.php\/2021\/09\/06\/dupla-e-detida-com-carro-de-aplicativo-roubado-apos-capotar-na-br-232-em-caruaru\/","title":{"rendered":"Dupla \u00e9 detida com carro de aplicativo roubado ap\u00f3s capotar na BR 232 em Caruaru"},"content":{"rendered":"<p style=\"text-align: justify;\"><span style=\"font-size: inherit;\">Dois homens que estavam em um carro roubado foram detidos, no domingo (5), ap\u00f3s capotar no Km Doi da BR 232, em Caruaru, no Agreste de Pernambuco. Os suspeitos foram detidos em uma a\u00e7\u00e3o integrada do 1\u2070 Batalh\u00e3o Integrado Especializado da Pol\u00edcia Militar (BIESP-PM), 4\u2070 Batalh\u00e3o de Pol\u00edcia Militar (BPM) e Pol\u00edcia Rodovi\u00e1ria Federal (PRF).<\/span><\/p>\n<p style=\"text-align: justify;\">Policiais receberam informa\u00e7\u00f5es de que um motorista de aplicativo havia sido assaltado no bairro Santa Rosa, em Caruaru, por dois homens armados com um punhal. Eles amea\u00e7aram o condutor e cortaram a m\u00e3o dele com a faca, mas depois o liberaram.<\/p>\n<p style=\"text-align: justify;\">As equipes montaram um bloqueio no posto da PRF de S\u00e3o Caetano para interceptar o carro, mas receberam a informa\u00e7\u00e3o que o ve\u00edculo havia capotado no momento em que estava efetuando um retorno na rodovia, durante a tentativa de fuga.<\/p>\n<p style=\"text-align: justify;\">Ao chegarem no local, conseguiram capturar os suspeitos do roubo e acionaram o Servi\u00e7o de Atendimento M\u00f3vel de Urg\u00eancia (SAMU), mas eles n\u00e3o se feriram no acidente. O motorista n\u00e3o era habilitado e realizou o teste do baf\u00f4metro, cujo resultado foi de 0,80 mg\/l, que configura crime de tr\u00e2nsito.<\/p>\n<p style=\"text-align: justify;\">Em consulta, foi descoberto que o motorista estava cumprindo o regime condicional por roubo. Ele foi encaminhado junto com o passageiro \u00e0 Delegacia de Pol\u00edcia Civil de Caruaru e o propriet\u00e1rio foi ao local para recuperar o carro, que possu\u00eda seguro.<\/p>\n","protected":false},"excerpt":{"rendered":"<p>Dois homens que estavam em um carro roubado foram detidos, no domingo (5), ap\u00f3s capotar no Km Doi da BR&hellip;<\/p>\n","protected":false},"author":1,"featured_media":74379,"comment_status":"open","ping_status":"open","sticky":false,"template":"","format":"standard","meta":{"footnotes":""},"categories":[14121],"tags":[2,19532,22720,1950],"class_list":["post-74378","post","type-post","status-publish","format-standard","has-post-thumbnail","hentry","category-policial","tag-blog-do-edvaldo-magalhaes","tag-blog-mais-acessado-e-visualizado-de-caruaru-e-regiao","tag-dupla-e-detida-com-carro-de-aplicativo-roubado-apos-capotar-na-br-232-em-caruaru","tag-noticias-de-caruaru"],"_links":{"self":[{"href":"https:\/\/blogdoedvaldomagalhaes.com.br\/index.php\/wp-json\/wp\/v2\/posts\/74378","targetHints":{"allow":["GET"]}}],"collection":[{"href":"https:\/\/blogdoedvaldomagalhaes.com.br\/index.php\/wp-json\/wp\/v2\/posts"}],"about":[{"href":"https:\/\/blogdoedvaldomagalhaes.com.br\/index.php\/wp-json\/wp\/v2\/types\/post"}],"author":[{"embeddable":true,"href":"https:\/\/blogdoedvaldomagalhaes.com.br\/index.php\/wp-json\/wp\/v2\/users\/1"}],"replies":[{"embeddable":true,"href":"https:\/\/blogdoedvaldomagalhaes.com.br\/index.php\/wp-json\/wp\/v2\/comments?post=74378"}],"version-history":[{"count":1,"href":"https:\/\/blogdoedvaldomagalhaes.com.br\/index.php\/wp-json\/wp\/v2\/posts\/74378\/revisions"}],"predecessor-version":[{"id":74380,"href":"https:\/\/blogdoedvaldomagalhaes.com.br\/index.php\/wp-json\/wp\/v2\/posts\/74378\/revisions\/74380"}],"wp:featuredmedia":[{"embeddable":true,"href":"https:\/\/blogdoedvaldomagalhaes.com.br\/index.php\/wp-json\/wp\/v2\/media\/74379"}],"wp:attachment":[{"href":"https:\/\/blogdoedvaldomagalhaes.com.br\/index.php\/wp-json\/wp\/v2\/media?parent=74378"}],"wp:term":[{"taxonomy":"category","embeddable":true,"href":"https:\/\/blogdoedvaldomagalhaes.com.br\/index.php\/wp-json\/wp\/v2\/categories?post=74378"},{"taxonomy":"post_tag","embeddable":true,"href":"https:\/\/blogdoedvaldomagalhaes.com.br\/index.php\/wp-json\/wp\/v2\/tags?post=74378"}],"curies":[{"name":"wp","href":"https:\/\/api.w.org\/{rel}","templated":true}]}}