{"id":74369,"date":"2021-09-06T10:45:21","date_gmt":"2021-09-06T13:45:21","guid":{"rendered":"https:\/\/blogdoedvaldomagalhaes.com.br\/?p=74369"},"modified":"2021-09-06T15:21:02","modified_gmt":"2021-09-06T18:21:02","slug":"mae-e-suspeita-de-matar-filha-de-3-anos-por-esganadura-e-queimadura-em-caruaru","status":"publish","type":"post","link":"https:\/\/blogdoedvaldomagalhaes.com.br\/index.php\/2021\/09\/06\/mae-e-suspeita-de-matar-filha-de-3-anos-por-esganadura-e-queimadura-em-caruaru\/","title":{"rendered":"M\u00e3e \u00e9 suspeita de matar filha de 3 anos por esganadura e queimadura em Caruaru"},"content":{"rendered":"<p style=\"text-align: justify;\">Um fato revoltante ocorreu no bairro Alto do Moura, em Caruaru, uma crian\u00e7a de nome Ayla Lorena, de apenas tr\u00eas anos de idade foi encontrada morta na madrugada desta segunda-feira (6). A per\u00edcia criminal constatou sinais de agress\u00e3o e<span style=\"font-size: inherit;\"> torturas. O corpo foi encaminhado ao IML de Caruaru.<\/span><\/p>\n<p style=\"text-align: justify;\">O perito criminal, Ricardo Souza, informou que foram identificados sinais de esganadura e queimadura na crian\u00e7a: \u201cIdentificamos um poss\u00edvel sinal de esganadura, e tamb\u00e9m \u00e9 de chamar aten\u00e7\u00e3o que na regi\u00e3o das n\u00e1degas da crian\u00e7a foi observada uma caracter\u00edstica de les\u00e3o causada por uma poss\u00edvel queimadura, embora essa les\u00e3o v\u00e1 ser melhor descrita por laudo emitido pelo IML. Tudo indica que,<span style=\"font-size: inherit;\"> a menina vinha sendo violentada h\u00e1 mais tempo porque foram encontradas les\u00f5es recentes e tamb\u00e9m mais antigas, indicando cicatriza\u00e7\u00e3o&#8221; afirmou Ricardo Souza.<\/span><\/p>\n<p style=\"text-align: justify;\">A m\u00e3e da crian\u00e7a, identificada como Alexsandra, n\u00e3o foi localizada ainda pela pol\u00edcia. Segundo informa\u00e7\u00f5es, ela teria fugido do local com sua companheira.<\/p>\n\n\n<figure class=\"wp-block-image size-large\"><img loading=\"lazy\" decoding=\"async\" width=\"512\" height=\"1024\" src=\"https:\/\/blogdoedvaldomagalhaes.com.br\/wp-content\/uploads\/2021\/09\/IMG-20210906-WA0091-512x1024.jpg\" alt=\"\" class=\"wp-image-74372\" srcset=\"https:\/\/blogdoedvaldomagalhaes.com.br\/wp-content\/uploads\/2021\/09\/IMG-20210906-WA0091-512x1024.jpg 512w, https:\/\/blogdoedvaldomagalhaes.com.br\/wp-content\/uploads\/2021\/09\/IMG-20210906-WA0091-150x300.jpg 150w, https:\/\/blogdoedvaldomagalhaes.com.br\/wp-content\/uploads\/2021\/09\/IMG-20210906-WA0091.jpg 538w\" sizes=\"auto, (max-width: 512px) 100vw, 512px\" \/><figcaption>Foto da crian\u00e7a que foi encontrada morta<\/figcaption><\/figure>\n\n\n\n<figure class=\"wp-block-image size-large\"><img loading=\"lazy\" decoding=\"async\" width=\"714\" height=\"714\" src=\"https:\/\/blogdoedvaldomagalhaes.com.br\/wp-content\/uploads\/2021\/09\/IMG-20210906-WA0145.jpg\" alt=\"\" class=\"wp-image-74374\" srcset=\"https:\/\/blogdoedvaldomagalhaes.com.br\/wp-content\/uploads\/2021\/09\/IMG-20210906-WA0145.jpg 714w, https:\/\/blogdoedvaldomagalhaes.com.br\/wp-content\/uploads\/2021\/09\/IMG-20210906-WA0145-300x300.jpg 300w, https:\/\/blogdoedvaldomagalhaes.com.br\/wp-content\/uploads\/2021\/09\/IMG-20210906-WA0145-150x150.jpg 150w\" sizes=\"auto, (max-width: 714px) 100vw, 714px\" \/><figcaption>Foto da m\u00e3e que est\u00e1 sendo procurada pela pol\u00edcia<\/figcaption><\/figure>\n","protected":false},"excerpt":{"rendered":"<p>Um fato revoltante ocorreu no bairro Alto do Moura, em Caruaru, uma crian\u00e7a de nome Ayla Lorena, de apenas tr\u00eas&hellip;<\/p>\n","protected":false},"author":1,"featured_media":74370,"comment_status":"open","ping_status":"open","sticky":false,"template":"","format":"standard","meta":{"footnotes":""},"categories":[14121],"tags":[2,19532,22719,1950],"class_list":["post-74369","post","type-post","status-publish","format-standard","has-post-thumbnail","hentry","category-policial","tag-blog-do-edvaldo-magalhaes","tag-blog-mais-acessado-e-visualizado-de-caruaru-e-regiao","tag-mae-e-suspeita-de-matar-filha-de-3-anos-por-esganadura-e-queimadura-em-caruaru","tag-noticias-de-caruaru"],"_links":{"self":[{"href":"https:\/\/blogdoedvaldomagalhaes.com.br\/index.php\/wp-json\/wp\/v2\/posts\/74369","targetHints":{"allow":["GET"]}}],"collection":[{"href":"https:\/\/blogdoedvaldomagalhaes.com.br\/index.php\/wp-json\/wp\/v2\/posts"}],"about":[{"href":"https:\/\/blogdoedvaldomagalhaes.com.br\/index.php\/wp-json\/wp\/v2\/types\/post"}],"author":[{"embeddable":true,"href":"https:\/\/blogdoedvaldomagalhaes.com.br\/index.php\/wp-json\/wp\/v2\/users\/1"}],"replies":[{"embeddable":true,"href":"https:\/\/blogdoedvaldomagalhaes.com.br\/index.php\/wp-json\/wp\/v2\/comments?post=74369"}],"version-history":[{"count":3,"href":"https:\/\/blogdoedvaldomagalhaes.com.br\/index.php\/wp-json\/wp\/v2\/posts\/74369\/revisions"}],"predecessor-version":[{"id":74377,"href":"https:\/\/blogdoedvaldomagalhaes.com.br\/index.php\/wp-json\/wp\/v2\/posts\/74369\/revisions\/74377"}],"wp:featuredmedia":[{"embeddable":true,"href":"https:\/\/blogdoedvaldomagalhaes.com.br\/index.php\/wp-json\/wp\/v2\/media\/74370"}],"wp:attachment":[{"href":"https:\/\/blogdoedvaldomagalhaes.com.br\/index.php\/wp-json\/wp\/v2\/media?parent=74369"}],"wp:term":[{"taxonomy":"category","embeddable":true,"href":"https:\/\/blogdoedvaldomagalhaes.com.br\/index.php\/wp-json\/wp\/v2\/categories?post=74369"},{"taxonomy":"post_tag","embeddable":true,"href":"https:\/\/blogdoedvaldomagalhaes.com.br\/index.php\/wp-json\/wp\/v2\/tags?post=74369"}],"curies":[{"name":"wp","href":"https:\/\/api.w.org\/{rel}","templated":true}]}}