{"id":74366,"date":"2021-09-06T10:10:24","date_gmt":"2021-09-06T13:10:24","guid":{"rendered":"https:\/\/blogdoedvaldomagalhaes.com.br\/?p=74366"},"modified":"2021-09-06T10:10:29","modified_gmt":"2021-09-06T13:10:29","slug":"senac-pe-seleciona-professores-para-ensino-medio-em-caruaru","status":"publish","type":"post","link":"https:\/\/blogdoedvaldomagalhaes.com.br\/index.php\/2021\/09\/06\/senac-pe-seleciona-professores-para-ensino-medio-em-caruaru\/","title":{"rendered":"Senac PE seleciona professores para Ensino M\u00e9dio em Caruaru"},"content":{"rendered":"<p style=\"text-align: justify;\"><span style=\"font-size: inherit;\">O Senac Pernambuco realiza processo seletivo destinado ao preenchimento de cinco vagas para professor do Ensino M\u00e9dio para atuar na unidade da institui\u00e7\u00e3o em Caruaru, nas disciplinas de L\u00edngua Portuguesa (Gram\u00e1tica\/Reda\u00e7\u00e3o\/Literatura); L\u00edngua Inglesa; Artes; Educa\u00e7\u00e3o F\u00edsica; Matem\u00e1tica; Qu\u00edmica; F\u00edsica; Biologia; Hist\u00f3ria; Geografia; Filosofia e Sociologia.<\/span><\/p>\n<p style=\"text-align: justify;\">Os pr\u00e9-requisitos s\u00e3o escolaridade m\u00ednima de gradua\u00e7\u00e3o completa em Licenciatura na disciplina na qual est\u00e1 se candidatando e experi\u00eancia m\u00ednima de 6 meses no Ensino Fundamental II ou Ensino M\u00e9dio. A hora aula \u00e9 de R$ 38,03 + DSR, j\u00e1 a carga hor\u00e1ria \u00e9 de at\u00e9 220 horas mensais. O processo seletivo ser\u00e1 composto de inscri\u00e7\u00e3o na vaga\/envio de curr\u00edculo, prova de conhecimentos, an\u00e1lise documental e avalia\u00e7\u00e3o did\u00e1tico-pedag\u00f3gica.<\/p>\n<p>As inscri\u00e7\u00f5es podem ser feitas at\u00e9 \u00e0s 23h59 do dia 08\/09\/2021, exclusivamente pela p\u00e1gina de carreiras do Senac PE, no link https:\/\/senacpe.jobs.recrut.ai\/ . O candidato dever\u00e1 selecionar a oportunidade desejada e s\u00f3 poder\u00e1 se inscrever para uma \u00fanica disciplina, sob pena de exclus\u00e3o de todo processo seletivo.<\/p>\n<p>Al\u00e9m da remunera\u00e7\u00e3o pela hora\/aula, o Senac PE oferece os benef\u00edcios de vale alimenta\u00e7\u00e3o e\/ou refei\u00e7\u00e3o; vale transporte (nos termos da Lei 7.418\/85 e seu regulamento, Decreto 95.247\/87); assist\u00eancia m\u00e9dica e assist\u00eancia odontol\u00f3gica (opcional \u2013 com participa\u00e7\u00e3o financeira do empregado).<\/p>\n<p>A contrata\u00e7\u00e3o ser\u00e1 pelo regime da Consolida\u00e7\u00e3o das Leis do Trabalho (CLT), com per\u00edodo de experi\u00eancia de at\u00e9 90 (noventa) dias, nos termos da Legisla\u00e7\u00e3o Trabalhista, podendo tornar-se por prazo indeterminado, em caso de avalia\u00e7\u00e3o positiva do empregado. Todas as informa\u00e7\u00f5es sobre o processo seletivo est\u00e3o dispon\u00edveis no site do Senac.<\/p>\n<p>O candidato que desejar esclarecer d\u00favidas referente ao Processo Seletivo dever\u00e1 encaminhar e-mail para meajuda.@job.recrut.a\u00ed, canal de atendimento da plataforma Recrut.a\u00ed.<\/p>\n","protected":false},"excerpt":{"rendered":"<p>O Senac Pernambuco realiza processo seletivo destinado ao preenchimento de cinco vagas para professor do Ensino M\u00e9dio para atuar na&hellip;<\/p>\n","protected":false},"author":1,"featured_media":74367,"comment_status":"open","ping_status":"open","sticky":false,"template":"","format":"standard","meta":{"footnotes":""},"categories":[14120],"tags":[2,19532,1950,22718],"class_list":["post-74366","post","type-post","status-publish","format-standard","has-post-thumbnail","hentry","category-noticias","tag-blog-do-edvaldo-magalhaes","tag-blog-mais-acessado-e-visualizado-de-caruaru-e-regiao","tag-noticias-de-caruaru","tag-senac-pe-seleciona-professores-para-ensino-medio-em-caruaru"],"_links":{"self":[{"href":"https:\/\/blogdoedvaldomagalhaes.com.br\/index.php\/wp-json\/wp\/v2\/posts\/74366","targetHints":{"allow":["GET"]}}],"collection":[{"href":"https:\/\/blogdoedvaldomagalhaes.com.br\/index.php\/wp-json\/wp\/v2\/posts"}],"about":[{"href":"https:\/\/blogdoedvaldomagalhaes.com.br\/index.php\/wp-json\/wp\/v2\/types\/post"}],"author":[{"embeddable":true,"href":"https:\/\/blogdoedvaldomagalhaes.com.br\/index.php\/wp-json\/wp\/v2\/users\/1"}],"replies":[{"embeddable":true,"href":"https:\/\/blogdoedvaldomagalhaes.com.br\/index.php\/wp-json\/wp\/v2\/comments?post=74366"}],"version-history":[{"count":1,"href":"https:\/\/blogdoedvaldomagalhaes.com.br\/index.php\/wp-json\/wp\/v2\/posts\/74366\/revisions"}],"predecessor-version":[{"id":74368,"href":"https:\/\/blogdoedvaldomagalhaes.com.br\/index.php\/wp-json\/wp\/v2\/posts\/74366\/revisions\/74368"}],"wp:featuredmedia":[{"embeddable":true,"href":"https:\/\/blogdoedvaldomagalhaes.com.br\/index.php\/wp-json\/wp\/v2\/media\/74367"}],"wp:attachment":[{"href":"https:\/\/blogdoedvaldomagalhaes.com.br\/index.php\/wp-json\/wp\/v2\/media?parent=74366"}],"wp:term":[{"taxonomy":"category","embeddable":true,"href":"https:\/\/blogdoedvaldomagalhaes.com.br\/index.php\/wp-json\/wp\/v2\/categories?post=74366"},{"taxonomy":"post_tag","embeddable":true,"href":"https:\/\/blogdoedvaldomagalhaes.com.br\/index.php\/wp-json\/wp\/v2\/tags?post=74366"}],"curies":[{"name":"wp","href":"https:\/\/api.w.org\/{rel}","templated":true}]}}