{"id":74359,"date":"2021-09-05T21:48:52","date_gmt":"2021-09-06T00:48:52","guid":{"rendered":"https:\/\/blogdoedvaldomagalhaes.com.br\/?p=74359"},"modified":"2021-09-05T21:57:27","modified_gmt":"2021-09-06T00:57:27","slug":"fiscalizacao-integrada-encerra-festa-na-zona-rural-de-caruaru-com-cerca-de-300-pessoas-e-6-levadas-para-dp","status":"publish","type":"post","link":"https:\/\/blogdoedvaldomagalhaes.com.br\/index.php\/2021\/09\/05\/fiscalizacao-integrada-encerra-festa-na-zona-rural-de-caruaru-com-cerca-de-300-pessoas-e-6-levadas-para-dp\/","title":{"rendered":"Fiscaliza\u00e7\u00e3o Integrada encerra festa na zona rural de Caruaru com cerca de 300 pessoas e 6 levadas para DP"},"content":{"rendered":"<p style=\"text-align: justify;\"><span style=\"font-size: inherit;\">O Grupo de Fiscaliza\u00e7\u00e3o Integrada de Caruaru segue trabalhando nas a\u00e7\u00f5es de combate \u00e0 Covid-19 no munic\u00edpio de Caruaru, verificando o cumprimento dos decretos estaduais. No \u00faltimo s\u00e1bado (4), ap\u00f3s den\u00fancia de aglomera\u00e7\u00e3o, a equipe seguiu para o S\u00edtio Peladas e constatou a veracidade da reclama\u00e7\u00e3o. Cerca de 300 pessoas estavam no local.<\/span><\/p>\n<p style=\"text-align: justify;\">De acordo com o secret\u00e1rio de Ordem P\u00fablica de Caruaru, coronel Patr\u00edcio Filho, o cumprimento das medidas precisa ser seguido, a fim de combater a contamina\u00e7\u00e3o da Covid-19.<\/p>\n<p style=\"text-align: justify;\">&#8220;Nossa equipe ficou monitorando a realiza\u00e7\u00e3o da festa ap\u00f3s a den\u00fancia. Cerca de 300 pessoas estavam em uma propriedade no S\u00edtio Peladas, n\u00e3o estavam usando m\u00e1scaras e havia consumo de bebidas e drogas. Seis pessoas foram conduzidas \u00e0 delegacia\u201d, pontuou o coronel.<\/p>\n<p style=\"text-align: justify;\">&#8220;Outra reclama\u00e7\u00e3o registrada na semana passada foi aglomera\u00e7\u00e3o de pessoas na Via Parque. Estivemos acompanhando pelo videomonitoramento e encerramos a festa que estaria pronta para come\u00e7ar. O mesmo aconteceu em dois postos de gasolina. Assim que recebemos a informa\u00e7\u00e3o de som alto e algazarra, o Grupo de Fiscaliza\u00e7\u00e3o conseguiu finalizar a aglomera\u00e7\u00e3o&#8221;, complementou o coronel Patr\u00edcio.<\/p>\n<p style=\"text-align: justify;\">O planejamento das a\u00e7\u00f5es do Grupo de Fiscaliza\u00e7\u00e3o envolve a Secretaria de Ordem P\u00fablica, bem como a Guarda Municipal, Procon, Ouvidoria, Autarquia de Mobilidade, Tr\u00e2nsito e Transportes de Caruaru, Vigil\u00e2ncia Sanit\u00e1ria, Defesa Civil, al\u00e9m de entidades parceiras, como Pol\u00edcia Militar, Bombeiro Militar e Disque-den\u00fancia.<\/p>\n<p style=\"text-align: justify;\">A popula\u00e7\u00e3o pode contribuir por meio do Disque-den\u00fancia pelo telefone 3719-4545 (das 7h \u00e0s 19h, de segunda a s\u00e1bado), ou pelo WhatsApp 98256-4545. Outro contato dispon\u00edvel \u00e9 o da Ouvidoria, no n\u00famero 156 (das 7h \u00e0s 13h, de segunda a sexta) ou no WhatsApp 98384-5936 (plant\u00e3o 24h).<\/p>\n<p style=\"text-align: justify;\">A den\u00fancia pode ser feita tamb\u00e9m pelo 190 da Pol\u00edcia Militar e pelas redes sociais da Prefeitura de Caruaru (Instagram @prefcaruaru e Facebook\/prefeituradecaruaru).<\/p>\n<p style=\"text-align: justify;\">O Grupo de Fiscaliza\u00e7\u00e3o Integrada refor\u00e7a que as den\u00fancias podem ser enviadas em tempo real, o que facilita no roteiro das a\u00e7\u00f5es.<\/p>\n","protected":false},"excerpt":{"rendered":"<p>O Grupo de Fiscaliza\u00e7\u00e3o Integrada de Caruaru segue trabalhando nas a\u00e7\u00f5es de combate \u00e0 Covid-19 no munic\u00edpio de Caruaru, verificando&hellip;<\/p>\n","protected":false},"author":1,"featured_media":74362,"comment_status":"open","ping_status":"open","sticky":false,"template":"","format":"standard","meta":{"footnotes":""},"categories":[14121],"tags":[2,19532,17559,22716,16754,19670],"class_list":["post-74359","post","type-post","status-publish","format-standard","has-post-thumbnail","hentry","category-policial","tag-blog-do-edvaldo-magalhaes","tag-blog-mais-acessado-e-visualizado-de-caruaru-e-regiao","tag-covid-19","tag-fiscalizacao-integrada-encerra-festa-na-zona-rural-de-caruaru-com-cerca-de-300-pessoas-e-6-levadas-para-dp","tag-noticia-de-caruaru","tag-novo-coronavirus"],"_links":{"self":[{"href":"https:\/\/blogdoedvaldomagalhaes.com.br\/index.php\/wp-json\/wp\/v2\/posts\/74359","targetHints":{"allow":["GET"]}}],"collection":[{"href":"https:\/\/blogdoedvaldomagalhaes.com.br\/index.php\/wp-json\/wp\/v2\/posts"}],"about":[{"href":"https:\/\/blogdoedvaldomagalhaes.com.br\/index.php\/wp-json\/wp\/v2\/types\/post"}],"author":[{"embeddable":true,"href":"https:\/\/blogdoedvaldomagalhaes.com.br\/index.php\/wp-json\/wp\/v2\/users\/1"}],"replies":[{"embeddable":true,"href":"https:\/\/blogdoedvaldomagalhaes.com.br\/index.php\/wp-json\/wp\/v2\/comments?post=74359"}],"version-history":[{"count":1,"href":"https:\/\/blogdoedvaldomagalhaes.com.br\/index.php\/wp-json\/wp\/v2\/posts\/74359\/revisions"}],"predecessor-version":[{"id":74361,"href":"https:\/\/blogdoedvaldomagalhaes.com.br\/index.php\/wp-json\/wp\/v2\/posts\/74359\/revisions\/74361"}],"wp:featuredmedia":[{"embeddable":true,"href":"https:\/\/blogdoedvaldomagalhaes.com.br\/index.php\/wp-json\/wp\/v2\/media\/74362"}],"wp:attachment":[{"href":"https:\/\/blogdoedvaldomagalhaes.com.br\/index.php\/wp-json\/wp\/v2\/media?parent=74359"}],"wp:term":[{"taxonomy":"category","embeddable":true,"href":"https:\/\/blogdoedvaldomagalhaes.com.br\/index.php\/wp-json\/wp\/v2\/categories?post=74359"},{"taxonomy":"post_tag","embeddable":true,"href":"https:\/\/blogdoedvaldomagalhaes.com.br\/index.php\/wp-json\/wp\/v2\/tags?post=74359"}],"curies":[{"name":"wp","href":"https:\/\/api.w.org\/{rel}","templated":true}]}}