{"id":74356,"date":"2021-09-05T18:10:48","date_gmt":"2021-09-05T21:10:48","guid":{"rendered":"https:\/\/blogdoedvaldomagalhaes.com.br\/?p=74356"},"modified":"2021-09-05T18:10:50","modified_gmt":"2021-09-05T21:10:50","slug":"pernambuco-recebe-quase-180-mil-doses-de-vacinas-coronavac","status":"publish","type":"post","link":"https:\/\/blogdoedvaldomagalhaes.com.br\/index.php\/2021\/09\/05\/pernambuco-recebe-quase-180-mil-doses-de-vacinas-coronavac\/","title":{"rendered":"Pernambuco recebe quase 180 mil doses de vacinas Coronavac"},"content":{"rendered":"<p style=\"text-align: justify;\">Neste domingo (05.09), Pernambuco recebeu um novo lote de vacinas contra Covid-19 Coronavac\/Butantan. O voo, com 179,4 mil doses, aterrissou no Aeroporto Internacional do Recife\/Guararapes \u2013 Gilberto Freyre por volta das 9h50. O novo quantitativo recebido deve ser utilizado para avan\u00e7ar na imuniza\u00e7\u00e3o da popula\u00e7\u00e3o com a aplica\u00e7\u00e3o das primeiras e segundas doses. Com essa remessa, Pernambuco ultrapassa mais de 4 milh\u00f5es de doses recebidas s\u00f3 deste fabricante.<\/p>\n<p style=\"text-align: justify;\">Do aeroporto, as vacinas foram encaminhadas para a sede do Programa Estadual de Imuniza\u00e7\u00f5es (PNI-PE) para confer\u00eancia, armazenamento e separa\u00e7\u00e3o das doses que ser\u00e3o distribu\u00eddas para cada munic\u00edpio.<\/p>\n<p style=\"text-align: justify;\">\u201cEste novo lote seguir\u00e1 para a sede das Ger\u00eancias Regionais de Sa\u00fade (Geres) ainda neste domingo, onde ficar\u00e3o \u00e0 disposi\u00e7\u00e3o para retirada dos gestores de cada cidade. Estamos trabalhando com a expectativa de recebimento de novos lotes neste feriado prolongado\u201d, explicou a superintendente de Imuniza\u00e7\u00f5es do Estado, Ana Catarina de Melo.<\/p>\n<p style=\"text-align: justify;\">Desde o in\u00edcio da campanha de vacina\u00e7\u00e3o, em janeiro deste ano, Pernambuco j\u00e1 recebeu 10.787.310 doses de vacinas contra a Covid-19. Desse total, foram 4.169.020 da Astrazeneca\/Oxford\/Fiocruz, 4.110.720 da Coronavac\/Butantan, 2.335.320 da Pfizer\/BioNTech e 172.250 da Janssen.<\/p>\n","protected":false},"excerpt":{"rendered":"<p>Neste domingo (05.09), Pernambuco recebeu um novo lote de vacinas contra Covid-19 Coronavac\/Butantan. O voo, com 179,4 mil doses, aterrissou&hellip;<\/p>\n","protected":false},"author":1,"featured_media":74357,"comment_status":"open","ping_status":"open","sticky":false,"template":"","format":"standard","meta":{"footnotes":""},"categories":[14120],"tags":[2,19532,17559,1950,19670,22715],"class_list":["post-74356","post","type-post","status-publish","format-standard","has-post-thumbnail","hentry","category-noticias","tag-blog-do-edvaldo-magalhaes","tag-blog-mais-acessado-e-visualizado-de-caruaru-e-regiao","tag-covid-19","tag-noticias-de-caruaru","tag-novo-coronavirus","tag-pernambuco-recebe-quase-180-mil-doses-de-vacinas-coronavac"],"_links":{"self":[{"href":"https:\/\/blogdoedvaldomagalhaes.com.br\/index.php\/wp-json\/wp\/v2\/posts\/74356","targetHints":{"allow":["GET"]}}],"collection":[{"href":"https:\/\/blogdoedvaldomagalhaes.com.br\/index.php\/wp-json\/wp\/v2\/posts"}],"about":[{"href":"https:\/\/blogdoedvaldomagalhaes.com.br\/index.php\/wp-json\/wp\/v2\/types\/post"}],"author":[{"embeddable":true,"href":"https:\/\/blogdoedvaldomagalhaes.com.br\/index.php\/wp-json\/wp\/v2\/users\/1"}],"replies":[{"embeddable":true,"href":"https:\/\/blogdoedvaldomagalhaes.com.br\/index.php\/wp-json\/wp\/v2\/comments?post=74356"}],"version-history":[{"count":1,"href":"https:\/\/blogdoedvaldomagalhaes.com.br\/index.php\/wp-json\/wp\/v2\/posts\/74356\/revisions"}],"predecessor-version":[{"id":74358,"href":"https:\/\/blogdoedvaldomagalhaes.com.br\/index.php\/wp-json\/wp\/v2\/posts\/74356\/revisions\/74358"}],"wp:featuredmedia":[{"embeddable":true,"href":"https:\/\/blogdoedvaldomagalhaes.com.br\/index.php\/wp-json\/wp\/v2\/media\/74357"}],"wp:attachment":[{"href":"https:\/\/blogdoedvaldomagalhaes.com.br\/index.php\/wp-json\/wp\/v2\/media?parent=74356"}],"wp:term":[{"taxonomy":"category","embeddable":true,"href":"https:\/\/blogdoedvaldomagalhaes.com.br\/index.php\/wp-json\/wp\/v2\/categories?post=74356"},{"taxonomy":"post_tag","embeddable":true,"href":"https:\/\/blogdoedvaldomagalhaes.com.br\/index.php\/wp-json\/wp\/v2\/tags?post=74356"}],"curies":[{"name":"wp","href":"https:\/\/api.w.org\/{rel}","templated":true}]}}