{"id":74258,"date":"2021-09-02T23:04:32","date_gmt":"2021-09-03T02:04:32","guid":{"rendered":"https:\/\/blogdoedvaldomagalhaes.com.br\/?p=74258"},"modified":"2021-09-02T23:21:46","modified_gmt":"2021-09-03T02:21:46","slug":"caruaru-ato-politico-cultural-em-homenagem-aos-42-anos-da-anistia-no-brasil","status":"publish","type":"post","link":"https:\/\/blogdoedvaldomagalhaes.com.br\/index.php\/2021\/09\/02\/caruaru-ato-politico-cultural-em-homenagem-aos-42-anos-da-anistia-no-brasil\/","title":{"rendered":"Caruaru: Ato Pol\u00edtico Cultural em homenagem aos 42 anos da Anistia no Brasil"},"content":{"rendered":"<p style=\"text-align: justify;\"><span style=\"font-size: inherit;\">Na noite desta quinta-feira (02), foi realizado um Ato Pol\u00edtico Cultural, organizado pelo Comit\u00ea Mem\u00f3ria Verdade e Justi\u00e7a para Democracia &#8211; CMVJD-PE, na sede do Sintracon, localizado na rua Afonso Celso, no bairro S\u00e3o Francisco, em Caruaru. <\/span><\/p>\n<p style=\"text-align: justify;\"><span style=\"font-size: inherit;\">Os debatedores foram Marcelo M\u00e1rio de Melo que \u00e9 poeta, jornalista, escritor e ex-preso pol\u00edtico na ditadura militar; Rafael Wanderley que \u00e9 advogado popular e militante da Unidade Popular pelo Socialismo e Nildo Martins que \u00e9 Assentado da Reforma Agr\u00e1ria, graduado em servi\u00e7o social UCE, mestrando pela UNESP e militante do MST. A mediadora foi Iany Morais que \u00e9 militante do Movimento de Mulheres Olga Ben\u00e1rio e da Uni\u00e3o da Juventude Rebeli\u00e3o.<\/span><\/p>\n<p style=\"text-align: justify;\"><span style=\"font-size: inherit;\">Exatamente h\u00e1 42 anos, com o regime militar acuado pelas mobiliza\u00e7\u00f5es democr\u00e1ticas, com comit\u00eas de anistia se alastrando pelo pa\u00eds e a realiza\u00e7\u00e3o de grandes manifesta\u00e7\u00f5es e passeatas da juventude e in\u00edcio de mobiliza\u00e7\u00f5es oper\u00e1rias, se apresentou a Lei da Anistia.<\/span><\/p>\n<p style=\"text-align: justify;\">Com ela milhares sindicalistas, trabalhadores, artistas e estudantes que lutaram pelo fim da ditadura militar no Brasil, e estavam no ex\u00edlio puderam retornar ao seus lares. Muitos presos pol\u00edticos foram libertados.<\/p>\n<p style=\"text-align: justify;\">Sem d\u00favida uma importante vit\u00f3ria, contudo, parcial. N\u00e3o foi a vit\u00f3ria desejada pelo movimento porque a lei conquistada n\u00e3o garantiu Anistia Ampla, Geral e Irrestrita, o que abriu brecha para que os torturadores e as empresas privadas que financiaram o golpe de 64 n\u00e3o tenham sido punidos at\u00e9 hoje.<\/p>\n\n\n<figure class=\"wp-block-image size-large\"><img loading=\"lazy\" decoding=\"async\" width=\"1024\" height=\"768\" src=\"https:\/\/blogdoedvaldomagalhaes.com.br\/wp-content\/uploads\/2021\/09\/IMG_20210902_191825632-1024x768.jpg\" alt=\"\" class=\"wp-image-74260\" srcset=\"https:\/\/blogdoedvaldomagalhaes.com.br\/wp-content\/uploads\/2021\/09\/IMG_20210902_191825632-1024x768.jpg 1024w, https:\/\/blogdoedvaldomagalhaes.com.br\/wp-content\/uploads\/2021\/09\/IMG_20210902_191825632-300x225.jpg 300w, https:\/\/blogdoedvaldomagalhaes.com.br\/wp-content\/uploads\/2021\/09\/IMG_20210902_191825632-768x576.jpg 768w, https:\/\/blogdoedvaldomagalhaes.com.br\/wp-content\/uploads\/2021\/09\/IMG_20210902_191825632-1536x1152.jpg 1536w, https:\/\/blogdoedvaldomagalhaes.com.br\/wp-content\/uploads\/2021\/09\/IMG_20210902_191825632-2048x1536.jpg 2048w, https:\/\/blogdoedvaldomagalhaes.com.br\/wp-content\/uploads\/2021\/09\/IMG_20210902_191825632-160x120.jpg 160w\" sizes=\"auto, (max-width: 1024px) 100vw, 1024px\" \/><\/figure>\n\n\n\n<figure class=\"wp-block-image size-large\"><img loading=\"lazy\" decoding=\"async\" width=\"1024\" height=\"768\" src=\"https:\/\/blogdoedvaldomagalhaes.com.br\/wp-content\/uploads\/2021\/09\/IMG_20210902_191753038-1024x768.jpg\" alt=\"\" class=\"wp-image-74261\" srcset=\"https:\/\/blogdoedvaldomagalhaes.com.br\/wp-content\/uploads\/2021\/09\/IMG_20210902_191753038-1024x768.jpg 1024w, https:\/\/blogdoedvaldomagalhaes.com.br\/wp-content\/uploads\/2021\/09\/IMG_20210902_191753038-300x225.jpg 300w, https:\/\/blogdoedvaldomagalhaes.com.br\/wp-content\/uploads\/2021\/09\/IMG_20210902_191753038-768x576.jpg 768w, https:\/\/blogdoedvaldomagalhaes.com.br\/wp-content\/uploads\/2021\/09\/IMG_20210902_191753038-1536x1152.jpg 1536w, https:\/\/blogdoedvaldomagalhaes.com.br\/wp-content\/uploads\/2021\/09\/IMG_20210902_191753038-2048x1536.jpg 2048w, https:\/\/blogdoedvaldomagalhaes.com.br\/wp-content\/uploads\/2021\/09\/IMG_20210902_191753038-160x120.jpg 160w\" sizes=\"auto, (max-width: 1024px) 100vw, 1024px\" \/><\/figure>\n","protected":false},"excerpt":{"rendered":"<p>Na noite desta quinta-feira (02), foi realizado um Ato Pol\u00edtico Cultural, organizado pelo Comit\u00ea Mem\u00f3ria Verdade e Justi\u00e7a para Democracia&hellip;<\/p>\n","protected":false},"author":1,"featured_media":74259,"comment_status":"open","ping_status":"open","sticky":false,"template":"","format":"standard","meta":{"footnotes":""},"categories":[14122],"tags":[2,19532,22688,16754],"class_list":["post-74258","post","type-post","status-publish","format-standard","has-post-thumbnail","hentry","category-politica","tag-blog-do-edvaldo-magalhaes","tag-blog-mais-acessado-e-visualizado-de-caruaru-e-regiao","tag-caruaru-ato-politico-cultural-em-homenagem-aos-42-anos-da-anistia-no-brasil","tag-noticia-de-caruaru"],"_links":{"self":[{"href":"https:\/\/blogdoedvaldomagalhaes.com.br\/index.php\/wp-json\/wp\/v2\/posts\/74258","targetHints":{"allow":["GET"]}}],"collection":[{"href":"https:\/\/blogdoedvaldomagalhaes.com.br\/index.php\/wp-json\/wp\/v2\/posts"}],"about":[{"href":"https:\/\/blogdoedvaldomagalhaes.com.br\/index.php\/wp-json\/wp\/v2\/types\/post"}],"author":[{"embeddable":true,"href":"https:\/\/blogdoedvaldomagalhaes.com.br\/index.php\/wp-json\/wp\/v2\/users\/1"}],"replies":[{"embeddable":true,"href":"https:\/\/blogdoedvaldomagalhaes.com.br\/index.php\/wp-json\/wp\/v2\/comments?post=74258"}],"version-history":[{"count":2,"href":"https:\/\/blogdoedvaldomagalhaes.com.br\/index.php\/wp-json\/wp\/v2\/posts\/74258\/revisions"}],"predecessor-version":[{"id":74264,"href":"https:\/\/blogdoedvaldomagalhaes.com.br\/index.php\/wp-json\/wp\/v2\/posts\/74258\/revisions\/74264"}],"wp:featuredmedia":[{"embeddable":true,"href":"https:\/\/blogdoedvaldomagalhaes.com.br\/index.php\/wp-json\/wp\/v2\/media\/74259"}],"wp:attachment":[{"href":"https:\/\/blogdoedvaldomagalhaes.com.br\/index.php\/wp-json\/wp\/v2\/media?parent=74258"}],"wp:term":[{"taxonomy":"category","embeddable":true,"href":"https:\/\/blogdoedvaldomagalhaes.com.br\/index.php\/wp-json\/wp\/v2\/categories?post=74258"},{"taxonomy":"post_tag","embeddable":true,"href":"https:\/\/blogdoedvaldomagalhaes.com.br\/index.php\/wp-json\/wp\/v2\/tags?post=74258"}],"curies":[{"name":"wp","href":"https:\/\/api.w.org\/{rel}","templated":true}]}}