{"id":74255,"date":"2021-09-02T22:27:39","date_gmt":"2021-09-03T01:27:39","guid":{"rendered":"https:\/\/blogdoedvaldomagalhaes.com.br\/?p=74255"},"modified":"2021-09-02T22:27:41","modified_gmt":"2021-09-03T01:27:41","slug":"dupla-e-presa-apos-cometer-diversos-assaltos-e-objetos-sao-recuperados-pela-pm","status":"publish","type":"post","link":"https:\/\/blogdoedvaldomagalhaes.com.br\/index.php\/2021\/09\/02\/dupla-e-presa-apos-cometer-diversos-assaltos-e-objetos-sao-recuperados-pela-pm\/","title":{"rendered":"Dupla \u00e9 presa ap\u00f3s cometer diversos assaltos e objetos s\u00e3o recuperados pela PM"},"content":{"rendered":"<p style=\"text-align: justify;\"><span style=\"font-size: inherit;\">Dois homens foram presos por policiais militares do 22\u00ba BPM, nessa quarta-feira (01\/09), por estarem cometendo assaltos na zona rural de Frei Miguelinh e Santa Maria do Cambuc\u00e1. Ambos tinham mandado de pris\u00e3o em aberto.<\/span><\/p>\n<p style=\"text-align: justify;\">O efetivo foi avisado sobre as sucessivas investidas, que eram cometidas com os suepeitos usando uniformes caracter\u00edsticos de empresas de engenharia. Foram realizadas diversas dilig\u00eancias, at\u00e9 que os envolvidos foram localizados em um posto de combust\u00edveis, \u00e0 margem da rodovia PE-90, em Surubim.<\/p>\n<p style=\"text-align: justify;\">Foi dada voz de pris\u00e3o e eles tentaram fugr por uma rua, mas foram alcan\u00e7ados e detidos. Com eles, foram apreendidos v\u00e1rios produtos roubados, inclusive os ve\u00edculos que usavam, um Golf e uma motocicleta Twister 250cc. No interior do carro, foram recuperados 19 aparelhos celulares, dois rev\u00f3lveres calibre 38, seis muni\u00e7\u00f5es, tr\u00eas correntes met\u00e1licas, uniformes de empresa de engenharia e uma mochila com pertences das v\u00edtimas, como perfumes, sand\u00e1lias e outros.<\/p>\n<p style=\"text-align: justify;\">A dupla e os materiais apreendidos foram encaminhados para a Delegacia de Plant\u00e3o de Surubim, onde foi formalizada a autua\u00e7\u00e3o em flagrante. Algumas v\u00edtimas foram at\u00e9 o local e reconheceram os suspeitos. As buscas continuam por um terceiro membro do grupo que conseguiu escapar.<\/p>\n","protected":false},"excerpt":{"rendered":"<p>Dois homens foram presos por policiais militares do 22\u00ba BPM, nessa quarta-feira (01\/09), por estarem cometendo assaltos na zona rural&hellip;<\/p>\n","protected":false},"author":1,"featured_media":74256,"comment_status":"open","ping_status":"open","sticky":false,"template":"","format":"standard","meta":{"footnotes":""},"categories":[14121],"tags":[2,19532,22687,1950],"class_list":["post-74255","post","type-post","status-publish","format-standard","has-post-thumbnail","hentry","category-policial","tag-blog-do-edvaldo-magalhaes","tag-blog-mais-acessado-e-visualizado-de-caruaru-e-regiao","tag-dupla-e-presa-apos-cometer-diversos-assaltos-e-objetos-sao-recuperados-pela-pm","tag-noticias-de-caruaru"],"_links":{"self":[{"href":"https:\/\/blogdoedvaldomagalhaes.com.br\/index.php\/wp-json\/wp\/v2\/posts\/74255","targetHints":{"allow":["GET"]}}],"collection":[{"href":"https:\/\/blogdoedvaldomagalhaes.com.br\/index.php\/wp-json\/wp\/v2\/posts"}],"about":[{"href":"https:\/\/blogdoedvaldomagalhaes.com.br\/index.php\/wp-json\/wp\/v2\/types\/post"}],"author":[{"embeddable":true,"href":"https:\/\/blogdoedvaldomagalhaes.com.br\/index.php\/wp-json\/wp\/v2\/users\/1"}],"replies":[{"embeddable":true,"href":"https:\/\/blogdoedvaldomagalhaes.com.br\/index.php\/wp-json\/wp\/v2\/comments?post=74255"}],"version-history":[{"count":1,"href":"https:\/\/blogdoedvaldomagalhaes.com.br\/index.php\/wp-json\/wp\/v2\/posts\/74255\/revisions"}],"predecessor-version":[{"id":74257,"href":"https:\/\/blogdoedvaldomagalhaes.com.br\/index.php\/wp-json\/wp\/v2\/posts\/74255\/revisions\/74257"}],"wp:featuredmedia":[{"embeddable":true,"href":"https:\/\/blogdoedvaldomagalhaes.com.br\/index.php\/wp-json\/wp\/v2\/media\/74256"}],"wp:attachment":[{"href":"https:\/\/blogdoedvaldomagalhaes.com.br\/index.php\/wp-json\/wp\/v2\/media?parent=74255"}],"wp:term":[{"taxonomy":"category","embeddable":true,"href":"https:\/\/blogdoedvaldomagalhaes.com.br\/index.php\/wp-json\/wp\/v2\/categories?post=74255"},{"taxonomy":"post_tag","embeddable":true,"href":"https:\/\/blogdoedvaldomagalhaes.com.br\/index.php\/wp-json\/wp\/v2\/tags?post=74255"}],"curies":[{"name":"wp","href":"https:\/\/api.w.org\/{rel}","templated":true}]}}