{"id":74247,"date":"2021-09-02T17:37:15","date_gmt":"2021-09-02T20:37:15","guid":{"rendered":"https:\/\/blogdoedvaldomagalhaes.com.br\/?p=74247"},"modified":"2021-09-02T17:54:28","modified_gmt":"2021-09-02T20:54:28","slug":"der-liga-lombadas-eletronicas-durante-feriadao-e-intensifica-fiscalizacao-com-o-bprv","status":"publish","type":"post","link":"https:\/\/blogdoedvaldomagalhaes.com.br\/index.php\/2021\/09\/02\/der-liga-lombadas-eletronicas-durante-feriadao-e-intensifica-fiscalizacao-com-o-bprv\/","title":{"rendered":"DER desliga lombadas eletr\u00f4nicas durante feriad\u00e3o e intensifica fiscaliza\u00e7\u00e3o com o BPRv"},"content":{"rendered":"<p style=\"text-align: justify;\"><span style=\"font-size: inherit;\">O Departamento de Estradas de Rodagem (DER) desligar\u00e1, a partir das 12 horas desta sexta-feira (3), as lombadas eletr\u00f4nicas da BR-232, nos quil\u00f4metros 6,2, 6,3 e 9,2, no bairro do Curado, no Recife; da Rodovia PE-035, nos quil\u00f4metros 7,3 e 7,9, em Itapissuma, e da Rodovia PE-060, em Ipojuca, no Km 16,63, e em Sirinha\u00e9m, no km 43. Os equipamentos de fiscaliza\u00e7\u00e3o eletr\u00f4nica somente ser\u00e3o religados \u00e0s 10h da pr\u00f3xima quarta-feira (8).<\/span><\/p>\n<p style=\"text-align: justify;\">O DER tamb\u00e9m intensificar\u00e1 as a\u00e7\u00f5es de fiscaliza\u00e7\u00e3o nas principais rodovias do Estado, em conjunto com o Batalh\u00e3o de Pol\u00edcia Rodovi\u00e1ria (BPRv), objetivando coibir irregularidades no tr\u00e2nsito e verificar documenta\u00e7\u00e3o, itens de seguran\u00e7a dos ve\u00edculos e habilita\u00e7\u00e3o dos condutores. As opera\u00e7\u00f5es visam garantir mais seguran\u00e7a aos motoristas e passageiros.<\/p>\n<p style=\"text-align: justify;\">\u201cCom o desligamento das lombadas eletr\u00f4nicas durante o feriad\u00e3o vamos proporcionar mais fluidez ao tr\u00e2nsito nas rodovias estaduais e nos trechos da rodovia federal sob responsabilidade do \u00f3rg\u00e3o, principalmente nos hor\u00e1rios mais de maior movimento, minimizando os transtornos dos congestionamentos e facilitando a mobilidade dos usu\u00e1rios que estiverem seguindo por estas vias\u201d, destaca o gestor de Tr\u00e2nsito e Transporte do DER, F\u00e1bio Barbosa.<\/p>\n<p style=\"text-align: justify;\">Lombadas eletr\u00f4nicas desligadas durante o feriado da Independ\u00eancia:<\/p>\n<p style=\"text-align: justify;\">\u2022 BR-232 \u2013 Km 6,2, 6,3 e 9,2, no Recife;<\/p>\n<p style=\"text-align: justify;\">\u2022 PE-035 \u2013 Km 7,3 e 7,9, em Itapissuma, e<\/p>\n<p style=\"text-align: justify;\">\u2022 PE-060 \u2013 Km 16,63, em Ipojuca e Km 43, em Sirinha\u00e9m.<\/p>\n","protected":false},"excerpt":{"rendered":"<p>O Departamento de Estradas de Rodagem (DER) desligar\u00e1, a partir das 12 horas desta sexta-feira (3), as lombadas eletr\u00f4nicas da&hellip;<\/p>\n","protected":false},"author":1,"featured_media":74254,"comment_status":"open","ping_status":"open","sticky":false,"template":"","format":"standard","meta":{"footnotes":""},"categories":[14120],"tags":[2,19532,22686,22685,1950],"class_list":["post-74247","post","type-post","status-publish","format-standard","has-post-thumbnail","hentry","category-noticias","tag-blog-do-edvaldo-magalhaes","tag-blog-mais-acessado-e-visualizado-de-caruaru-e-regiao","tag-br","tag-der-liga-lombadas-eletronicas-durante-feriadao-e-intensifica-fiscalizacao-com-o-bprv","tag-noticias-de-caruaru"],"_links":{"self":[{"href":"https:\/\/blogdoedvaldomagalhaes.com.br\/index.php\/wp-json\/wp\/v2\/posts\/74247","targetHints":{"allow":["GET"]}}],"collection":[{"href":"https:\/\/blogdoedvaldomagalhaes.com.br\/index.php\/wp-json\/wp\/v2\/posts"}],"about":[{"href":"https:\/\/blogdoedvaldomagalhaes.com.br\/index.php\/wp-json\/wp\/v2\/types\/post"}],"author":[{"embeddable":true,"href":"https:\/\/blogdoedvaldomagalhaes.com.br\/index.php\/wp-json\/wp\/v2\/users\/1"}],"replies":[{"embeddable":true,"href":"https:\/\/blogdoedvaldomagalhaes.com.br\/index.php\/wp-json\/wp\/v2\/comments?post=74247"}],"version-history":[{"count":2,"href":"https:\/\/blogdoedvaldomagalhaes.com.br\/index.php\/wp-json\/wp\/v2\/posts\/74247\/revisions"}],"predecessor-version":[{"id":74251,"href":"https:\/\/blogdoedvaldomagalhaes.com.br\/index.php\/wp-json\/wp\/v2\/posts\/74247\/revisions\/74251"}],"wp:featuredmedia":[{"embeddable":true,"href":"https:\/\/blogdoedvaldomagalhaes.com.br\/index.php\/wp-json\/wp\/v2\/media\/74254"}],"wp:attachment":[{"href":"https:\/\/blogdoedvaldomagalhaes.com.br\/index.php\/wp-json\/wp\/v2\/media?parent=74247"}],"wp:term":[{"taxonomy":"category","embeddable":true,"href":"https:\/\/blogdoedvaldomagalhaes.com.br\/index.php\/wp-json\/wp\/v2\/categories?post=74247"},{"taxonomy":"post_tag","embeddable":true,"href":"https:\/\/blogdoedvaldomagalhaes.com.br\/index.php\/wp-json\/wp\/v2\/tags?post=74247"}],"curies":[{"name":"wp","href":"https:\/\/api.w.org\/{rel}","templated":true}]}}