{"id":74243,"date":"2021-09-02T17:18:25","date_gmt":"2021-09-02T20:18:25","guid":{"rendered":"https:\/\/blogdoedvaldomagalhaes.com.br\/?p=74243"},"modified":"2021-09-02T17:18:27","modified_gmt":"2021-09-02T20:18:27","slug":"anderson-correia-destaca-a-necessidade-de-politicas-publicas-voltadas-para-o-controle-populacional-dos-animais-de-rua","status":"publish","type":"post","link":"https:\/\/blogdoedvaldomagalhaes.com.br\/index.php\/2021\/09\/02\/anderson-correia-destaca-a-necessidade-de-politicas-publicas-voltadas-para-o-controle-populacional-dos-animais-de-rua\/","title":{"rendered":"Anderson Correia destaca a necessidade de pol\u00edticas p\u00fablicas voltadas para o controle populacional dos animais de rua"},"content":{"rendered":"<p style=\"text-align: justify;\"><span style=\"font-size: inherit;\">O vereador e Presidente da Comiss\u00e3o dos Direitos dos Animais da C\u00e2mara Municipal, Anderson Correia (PP), est\u00e1 preocupado com os animais de rua, no que se diz respeito ao quantitativo que s\u00f3 cresce em Caruaru. Na avalia\u00e7\u00e3o do parlamentar, \u00e9 preciso um direcionamento mais estrat\u00e9gico e espec\u00edfico acerca das pol\u00edticas p\u00fablicas voltadas para este controle populacional dos animais n\u00e3o-humanos de rua, na Capital do Agreste.<\/span><\/p>\n<p style=\"text-align: justify;\">\u201cEm nossa cidade, no cen\u00e1rio atual, temos as pol\u00edticas de castra\u00e7\u00f5es para reduzir este problema, o que \u00e9 v\u00e1lido, mas al\u00e9m de castrar animais que tem tutores, precisamos castrar os animais de rua. De acordo com Organiza\u00e7\u00e3o Mundial da Sa\u00fade estima que s\u00f3 no Brasil existam mais de 30 milh\u00f5es de animais nas ruas, abandonados, entre 10 milh\u00f5es de gatos e 20 milh\u00f5es de c\u00e3es, isso traz a dimens\u00e3o do quantitativo gigantesco que temos no geral, e Caruaru est\u00e1 inclu\u00eddo nisso\u201d, ressalta o edil. Anderson destaca tamb\u00e9m o dever do Poder P\u00fablico na aplica\u00e7\u00e3o de pol\u00edticas p\u00fablicas, conforme a legisla\u00e7\u00e3o federal.<\/p>\n<p style=\"text-align: justify;\">\u201cPara ajudar neste processo de aplica\u00e7\u00e3o dessas pol\u00edticas p\u00fablicas animalistas, \u00e9 importante a cria\u00e7\u00e3o de uma casa de passagem que viabiliza a pr\u00e1tica da Lei 13.426\/2017, que disp\u00f5e sobre a pol\u00edtica de controle da natalidade de c\u00e3es e gatos, trazendo em seus artigos 2\u00b0 e 3\u00b0, que \u00e9 compet\u00eancia do Poder P\u00fablico fazer o estudo das localidades ou regi\u00f5es que apontem para a necessidade de atendimento priorit\u00e1rio ou emergencial, em face da superpopula\u00e7\u00e3o, dar o tratamento priorit\u00e1rio aos animais pertencentes ou localizados nas comunidades de baixa renda e fazer campanhas educativas pelos meios de comunica\u00e7\u00e3o adequados\u201d, conclui.<\/p>\n","protected":false},"excerpt":{"rendered":"<p>O vereador e Presidente da Comiss\u00e3o dos Direitos dos Animais da C\u00e2mara Municipal, Anderson Correia (PP), est\u00e1 preocupado com os&hellip;<\/p>\n","protected":false},"author":1,"featured_media":74244,"comment_status":"open","ping_status":"open","sticky":false,"template":"","format":"standard","meta":{"footnotes":""},"categories":[14122],"tags":[22684,2,19532,16754,20],"class_list":["post-74243","post","type-post","status-publish","format-standard","has-post-thumbnail","hentry","category-politica","tag-anderson-correia-destaca-a-necessidade-de-politicas-publicas-voltadas-para-o-controle-populacional-dos-animais-de-rua","tag-blog-do-edvaldo-magalhaes","tag-blog-mais-acessado-e-visualizado-de-caruaru-e-regiao","tag-noticia-de-caruaru","tag-politica"],"_links":{"self":[{"href":"https:\/\/blogdoedvaldomagalhaes.com.br\/index.php\/wp-json\/wp\/v2\/posts\/74243","targetHints":{"allow":["GET"]}}],"collection":[{"href":"https:\/\/blogdoedvaldomagalhaes.com.br\/index.php\/wp-json\/wp\/v2\/posts"}],"about":[{"href":"https:\/\/blogdoedvaldomagalhaes.com.br\/index.php\/wp-json\/wp\/v2\/types\/post"}],"author":[{"embeddable":true,"href":"https:\/\/blogdoedvaldomagalhaes.com.br\/index.php\/wp-json\/wp\/v2\/users\/1"}],"replies":[{"embeddable":true,"href":"https:\/\/blogdoedvaldomagalhaes.com.br\/index.php\/wp-json\/wp\/v2\/comments?post=74243"}],"version-history":[{"count":1,"href":"https:\/\/blogdoedvaldomagalhaes.com.br\/index.php\/wp-json\/wp\/v2\/posts\/74243\/revisions"}],"predecessor-version":[{"id":74245,"href":"https:\/\/blogdoedvaldomagalhaes.com.br\/index.php\/wp-json\/wp\/v2\/posts\/74243\/revisions\/74245"}],"wp:featuredmedia":[{"embeddable":true,"href":"https:\/\/blogdoedvaldomagalhaes.com.br\/index.php\/wp-json\/wp\/v2\/media\/74244"}],"wp:attachment":[{"href":"https:\/\/blogdoedvaldomagalhaes.com.br\/index.php\/wp-json\/wp\/v2\/media?parent=74243"}],"wp:term":[{"taxonomy":"category","embeddable":true,"href":"https:\/\/blogdoedvaldomagalhaes.com.br\/index.php\/wp-json\/wp\/v2\/categories?post=74243"},{"taxonomy":"post_tag","embeddable":true,"href":"https:\/\/blogdoedvaldomagalhaes.com.br\/index.php\/wp-json\/wp\/v2\/tags?post=74243"}],"curies":[{"name":"wp","href":"https:\/\/api.w.org\/{rel}","templated":true}]}}