{"id":74239,"date":"2021-09-02T17:10:02","date_gmt":"2021-09-02T20:10:02","guid":{"rendered":"https:\/\/blogdoedvaldomagalhaes.com.br\/?p=74239"},"modified":"2021-09-02T17:10:05","modified_gmt":"2021-09-02T20:10:05","slug":"caruaru-obtem-resultados-historicos-em-ranking-nacional","status":"publish","type":"post","link":"https:\/\/blogdoedvaldomagalhaes.com.br\/index.php\/2021\/09\/02\/caruaru-obtem-resultados-historicos-em-ranking-nacional\/","title":{"rendered":"Caruaru obt\u00e9m resultados hist\u00f3ricos em ranking nacional"},"content":{"rendered":"<p style=\"text-align: justify;\"><span style=\"font-size: inherit;\">As secretarias de Desenvolvimento Econ\u00f4mico, Turismo e Economia Criativa (Sedetec) e de Planejamento, Or\u00e7amento e Gest\u00e3o (Seplag), destacam mais um grande resultado obtido pela Capital do Agreste. Pela primeira vez na hist\u00f3ria, a cidade preencheu posi\u00e7\u00f5es no Ranking Connected Smart Cities. Desenvolvido pelas empresas Urban Sytems e Necta, este \u00faltimo tem como objetivo mapear os munic\u00edpios brasileiros com os maiores potenciais de desenvolvimento econ\u00f4mico e social. Para isso, analisa indicadores que retratam intelig\u00eancia, conex\u00e3o e sustentabilidade.<\/span><\/p>\n<p style=\"text-align: justify;\">De acordo com o Ranking 2021, que foi divulgado nesta quarta-feira (1\u00ba), Caruaru se destacou em tr\u00eas indicadores distintos: Sa\u00fade, Governan\u00e7a e Tecnologia de Informa\u00e7\u00e3o (TI) e Inova\u00e7\u00e3o. &#8220;Temos muito a comemorar. Esse ranking \u00e9 o resultado de um trabalho incans\u00e1vel realizado por todos n\u00f3s, com o objetivo de transformar a vida das pessoas para melhor. S\u00e3o indicadores importantes e que v\u00e3o nos ajudar ainda mais a encontrar caminhos criativos, sustent\u00e1veis e tang\u00edveis&#8221;, comemorou a Prefeita Raquel Lyra.<\/p>\n<p style=\"text-align: justify;\">Na Sa\u00fade, a Capital do Agreste ocupou a 1\u00aa coloca\u00e7\u00e3o dentre as cidades pernambucanas, a 8\u00aa entre os munic\u00edpios nordestinos e a 64\u00aa posi\u00e7\u00e3o em rela\u00e7\u00e3o \u00e0s cidades brasileiras. Neste setor, os crit\u00e9rios analisados foram ciclovias, leitos por habitantes, m\u00e9dicos por habitantes, mortalidade infantil, despesas com sa\u00fade, dentre outros.<\/p>\n<p style=\"text-align: justify;\">No indicador Governan\u00e7a, Caruaru ocupou a 3\u00aa posi\u00e7\u00e3o no Estado, bem como a 8\u00aa no Nordeste e a 66\u00aa no pa\u00eds. Nele, os crit\u00e9rios avaliados foram \u00edndice Firjan, despesas com urbanismo, sa\u00fade, educa\u00e7\u00e3o e seguran\u00e7a, al\u00e9m da escolaridade da gestora municipal.<\/p>\n<p style=\"text-align: justify;\">J\u00e1 no Tecnologia de Informa\u00e7\u00e3o (TI) e Inova\u00e7\u00e3o, os resultados corresponderam, respectivamente, ao 3\u00ba lugar no \u00e2mbito estadual, ao 15\u00ba no regional e ao 90\u00ba no \u00e2mbito nacional. Crescimento no n\u00famero de empresas instaladas de tecnologia, percentuais de empregos gerados em empresas de TIC, coberturas de internet 4G, atendimentos aos cidad\u00e3os por ferramentas como aplicativos e sites estiveram entre os crit\u00e9rios estudados.<\/p>\n<p style=\"text-align: justify;\">Para o secret\u00e1rio da Sedetec, Andr\u00e9 Teixeira Filho, tais resultados s\u00e3o reflexos dos investimentos feitos no munic\u00edpio, nas esferas p\u00fablica e privada. \u201cPodemos destacar o avan\u00e7o da cidade no tocante ao mercado de Tecnologia da Informa\u00e7\u00e3o e de Inova\u00e7\u00e3o, que tem recebido uma aten\u00e7\u00e3o especial por parte do governo de Raquel Lyra. Tais desempenhos colocam ainda mais a Capital do Agreste na vitrine das cidades brasileiras com maiores potenciais para se investir!\u201d, destacou.<\/p>\n<p style=\"text-align: justify;\">Mais sobre<\/p>\n<p style=\"text-align: justify;\">O Ranking Connected Smart Cities mapeia todos os 677 munic\u00edpios com mais de 50 mil habitantes. \u201cA edi\u00e7\u00e3o 2021 do Ranking, mesmo com as altera\u00e7\u00f5es de indicadores, trazendo alguns que refletem as solu\u00e7\u00f5es j\u00e1 implantadas, apontou que algumas cidades permanecem em posi\u00e7\u00f5es de destaque, mostrando que estas est\u00e3o no caminho de trazer qualidade de vida aos seus habitantes, enquanto outras, mesmo com altera\u00e7\u00e3o no estudo, permanecem distante das posi\u00e7\u00f5es ideais e precisam olhar com aten\u00e7\u00e3o ao planejamento da cidade\u201d, destacou o presidente da Urban Systems, Thomaz Assump\u00e7\u00e3o.<\/p>\n<p style=\"text-align: justify;\">Para conferir o Ranking 2021 completo, basta acessar o link https:\/\/ranking.connectedsmartcities.com.br\/<\/p>\n\n\n<figure class=\"wp-block-image size-large\"><img loading=\"lazy\" decoding=\"async\" width=\"1024\" height=\"683\" src=\"https:\/\/blogdoedvaldomagalhaes.com.br\/wp-content\/uploads\/2021\/09\/IMG-20210902-WA0162-1024x683.jpg\" alt=\"\" class=\"wp-image-74241\" srcset=\"https:\/\/blogdoedvaldomagalhaes.com.br\/wp-content\/uploads\/2021\/09\/IMG-20210902-WA0162-1024x683.jpg 1024w, https:\/\/blogdoedvaldomagalhaes.com.br\/wp-content\/uploads\/2021\/09\/IMG-20210902-WA0162-300x200.jpg 300w, https:\/\/blogdoedvaldomagalhaes.com.br\/wp-content\/uploads\/2021\/09\/IMG-20210902-WA0162-768x512.jpg 768w, https:\/\/blogdoedvaldomagalhaes.com.br\/wp-content\/uploads\/2021\/09\/IMG-20210902-WA0162-1536x1024.jpg 1536w, https:\/\/blogdoedvaldomagalhaes.com.br\/wp-content\/uploads\/2021\/09\/IMG-20210902-WA0162.jpg 1599w\" sizes=\"auto, (max-width: 1024px) 100vw, 1024px\" \/><figcaption>Fotos: Edm\u00edlson Tanaka<\/figcaption><\/figure>\n","protected":false},"excerpt":{"rendered":"<p>As secretarias de Desenvolvimento Econ\u00f4mico, Turismo e Economia Criativa (Sedetec) e de Planejamento, Or\u00e7amento e Gest\u00e3o (Seplag), destacam mais um&hellip;<\/p>\n","protected":false},"author":1,"featured_media":74240,"comment_status":"open","ping_status":"open","sticky":false,"template":"","format":"standard","meta":{"footnotes":""},"categories":[14120],"tags":[2,19532,22683,1950],"class_list":["post-74239","post","type-post","status-publish","format-standard","has-post-thumbnail","hentry","category-noticias","tag-blog-do-edvaldo-magalhaes","tag-blog-mais-acessado-e-visualizado-de-caruaru-e-regiao","tag-caruaru-obtem-resultados-historicos-em-ranking-nacional","tag-noticias-de-caruaru"],"_links":{"self":[{"href":"https:\/\/blogdoedvaldomagalhaes.com.br\/index.php\/wp-json\/wp\/v2\/posts\/74239","targetHints":{"allow":["GET"]}}],"collection":[{"href":"https:\/\/blogdoedvaldomagalhaes.com.br\/index.php\/wp-json\/wp\/v2\/posts"}],"about":[{"href":"https:\/\/blogdoedvaldomagalhaes.com.br\/index.php\/wp-json\/wp\/v2\/types\/post"}],"author":[{"embeddable":true,"href":"https:\/\/blogdoedvaldomagalhaes.com.br\/index.php\/wp-json\/wp\/v2\/users\/1"}],"replies":[{"embeddable":true,"href":"https:\/\/blogdoedvaldomagalhaes.com.br\/index.php\/wp-json\/wp\/v2\/comments?post=74239"}],"version-history":[{"count":1,"href":"https:\/\/blogdoedvaldomagalhaes.com.br\/index.php\/wp-json\/wp\/v2\/posts\/74239\/revisions"}],"predecessor-version":[{"id":74242,"href":"https:\/\/blogdoedvaldomagalhaes.com.br\/index.php\/wp-json\/wp\/v2\/posts\/74239\/revisions\/74242"}],"wp:featuredmedia":[{"embeddable":true,"href":"https:\/\/blogdoedvaldomagalhaes.com.br\/index.php\/wp-json\/wp\/v2\/media\/74240"}],"wp:attachment":[{"href":"https:\/\/blogdoedvaldomagalhaes.com.br\/index.php\/wp-json\/wp\/v2\/media?parent=74239"}],"wp:term":[{"taxonomy":"category","embeddable":true,"href":"https:\/\/blogdoedvaldomagalhaes.com.br\/index.php\/wp-json\/wp\/v2\/categories?post=74239"},{"taxonomy":"post_tag","embeddable":true,"href":"https:\/\/blogdoedvaldomagalhaes.com.br\/index.php\/wp-json\/wp\/v2\/tags?post=74239"}],"curies":[{"name":"wp","href":"https:\/\/api.w.org\/{rel}","templated":true}]}}