{"id":7422,"date":"2016-12-10T11:50:00","date_gmt":"2016-12-10T13:50:00","guid":{"rendered":"http:\/\/blogdoedvaldomagalhaes.com.br\/index.php\/2016\/12\/10\/ex-presidiario-assassinado-proximo\/"},"modified":"2019-02-09T01:09:30","modified_gmt":"2019-02-09T03:09:30","slug":"ex-presidiario-assassinado-proximo","status":"publish","type":"post","link":"https:\/\/blogdoedvaldomagalhaes.com.br\/index.php\/2016\/12\/10\/ex-presidiario-assassinado-proximo\/","title":{"rendered":"Ex-presidi\u00e1rio assassinado pr\u00f3ximo a &#8220;Pedrado Pitoco!&#8221; em Caruaru"},"content":{"rendered":"<div class=\"separator\" style=\"clear: both; text-align: center;\">\n<a href=\"https:\/\/3.bp.blogspot.com\/-SSAOg6hkQ_o\/WEvrqNkx7zI\/AAAAAAAALTs\/TDrP9bpYnEUinPBegu94PFtd7RHOqSNrACLcB\/s1600\/assassinato.jpeg\" imageanchor=\"1\" style=\"margin-left: 1em; margin-right: 1em;\"><img loading=\"lazy\" decoding=\"async\" border=\"0\" height=\"400\" src=\"http:\/\/blogdoedvaldomagalhaes.com.br\/wp-content\/uploads\/2016\/12\/assassinato.jpeg\" width=\"301\" \/><\/a><\/div>\n<div class=\"separator\" style=\"clear: both; text-align: center;\">\nFoto: Adielson Galv\u00e3o<\/div>\n<div class=\"MsoNormal\" style=\"background-color: white; color: #222222; font-family: Arial, Tahoma, Helvetica, FreeSans, sans-serif; font-size: 13.2px; text-align: justify;\">\n<\/div>\n<div class=\"MsoNormal\" style=\"background-color: white; text-align: justify;\">\nO segundo homic\u00eddio desta sexta-feira (09) em Caruaru, ocorreu por volta das 9 e meia da noite na Rua Santa Cec\u00edlia, pr\u00f3ximo a \u201cPedra do Pitoco\u201d no bairro Santa Rosa e teve como v\u00edtima o ex-presidi\u00e1rio,<b>&nbsp;Silvanio Antonio da Silva<\/b>, de 30 anos, que morava na Rua do \u00edndico, no mesmo bairro.<b><\/b><\/div>\n<div class=\"MsoNormal\" style=\"background-color: white; text-align: justify;\">\n<\/div>\n<div class=\"MsoNormal\" style=\"background-color: white; text-align: justify;\">\nA Pol\u00edcia Militar informou que foi acionada pelo Samu para disponibilizar uma viatura para ir ao local, pois a informa\u00e7\u00e3o que o Samu recebeu foi que havia uma pessoa baleada e quando chegaram ao local a v\u00edtima j\u00e1 estava em \u00f3bito. Ele era ex-presidi\u00e1rio, j\u00e1 passou 8 anos preso acusado de assaltos e j\u00e1 sofreu algumas tentativas de homic\u00eddios.<\/div>\n<div style=\"text-align: justify;\">\n<\/div>\n<div class=\"MsoNormal\" style=\"background-color: white; text-align: justify;\">\n<\/div>\n<div class=\"MsoNormal\" style=\"background-color: white; text-align: justify;\">\nEste foi o 7\u00ba homic\u00eddio do m\u00eas de dezembro e o 218\u00ba do ano de 2016 em Caruaru e o corpo da v\u00edtima foi encaminhado para o IML local.<\/div>\n","protected":false},"excerpt":{"rendered":"<p>Foto: Adielson Galv\u00e3o O segundo homic\u00eddio desta sexta-feira (09) em Caruaru, ocorreu por volta das 9 e meia da noite&hellip;<\/p>\n","protected":false},"author":1,"featured_media":0,"comment_status":"open","ping_status":"open","sticky":false,"template":"","format":"standard","meta":{"footnotes":""},"categories":[1],"tags":[1970,2,10485,2522,13],"class_list":["post-7422","post","type-post","status-publish","format-standard","hentry","category-sem-categoria","tag-bairro-santa-rosa","tag-blog-do-edvaldo-magalhaes","tag-ex-presidiario-assassinado-proximo-a-pedrado-pitoco-em-caruaru","tag-iml-caruaru","tag-policial"],"_links":{"self":[{"href":"https:\/\/blogdoedvaldomagalhaes.com.br\/index.php\/wp-json\/wp\/v2\/posts\/7422","targetHints":{"allow":["GET"]}}],"collection":[{"href":"https:\/\/blogdoedvaldomagalhaes.com.br\/index.php\/wp-json\/wp\/v2\/posts"}],"about":[{"href":"https:\/\/blogdoedvaldomagalhaes.com.br\/index.php\/wp-json\/wp\/v2\/types\/post"}],"author":[{"embeddable":true,"href":"https:\/\/blogdoedvaldomagalhaes.com.br\/index.php\/wp-json\/wp\/v2\/users\/1"}],"replies":[{"embeddable":true,"href":"https:\/\/blogdoedvaldomagalhaes.com.br\/index.php\/wp-json\/wp\/v2\/comments?post=7422"}],"version-history":[{"count":1,"href":"https:\/\/blogdoedvaldomagalhaes.com.br\/index.php\/wp-json\/wp\/v2\/posts\/7422\/revisions"}],"predecessor-version":[{"id":14902,"href":"https:\/\/blogdoedvaldomagalhaes.com.br\/index.php\/wp-json\/wp\/v2\/posts\/7422\/revisions\/14902"}],"wp:attachment":[{"href":"https:\/\/blogdoedvaldomagalhaes.com.br\/index.php\/wp-json\/wp\/v2\/media?parent=7422"}],"wp:term":[{"taxonomy":"category","embeddable":true,"href":"https:\/\/blogdoedvaldomagalhaes.com.br\/index.php\/wp-json\/wp\/v2\/categories?post=7422"},{"taxonomy":"post_tag","embeddable":true,"href":"https:\/\/blogdoedvaldomagalhaes.com.br\/index.php\/wp-json\/wp\/v2\/tags?post=7422"}],"curies":[{"name":"wp","href":"https:\/\/api.w.org\/{rel}","templated":true}]}}