{"id":7421,"date":"2016-12-10T13:36:00","date_gmt":"2016-12-10T15:36:00","guid":{"rendered":"http:\/\/blogdoedvaldomagalhaes.com.br\/index.php\/2016\/12\/10\/temer-diz-em-jucazinho-que-o-nordeste-e\/"},"modified":"2019-02-09T01:09:30","modified_gmt":"2019-02-09T03:09:30","slug":"temer-diz-em-jucazinho-que-o-nordeste-e","status":"publish","type":"post","link":"https:\/\/blogdoedvaldomagalhaes.com.br\/index.php\/2016\/12\/10\/temer-diz-em-jucazinho-que-o-nordeste-e\/","title":{"rendered":"Temer diz em Jucazinho que o Nordeste \u00e9 prioridade para o Governo"},"content":{"rendered":"<div class=\"separator\" style=\"clear: both; text-align: center;\">\n<a href=\"https:\/\/3.bp.blogspot.com\/-kF_NMH9sXO8\/WEwD87xHJQI\/AAAAAAAALT8\/YZOpn-UrYYwnerWd1aVmQlG9wqfO4v-oQCLcB\/s1600\/d74a9b1b0abe47b69757ca8cc96a0600.jpg\" imageanchor=\"1\" style=\"margin-left: 1em; margin-right: 1em;\"><img loading=\"lazy\" decoding=\"async\" border=\"0\" height=\"246\" src=\"http:\/\/blogdoedvaldomagalhaes.com.br\/wp-content\/uploads\/2016\/12\/d74a9b1b0abe47b69757ca8cc96a0600.jpg\" width=\"400\" \/><\/a><\/div>\n<div style=\"color: #333333; font-family: &quot;Open Sans&quot;, sans-serif; font-size: 15px; list-style: none; text-align: justify;\">\n<\/div>\n<div style=\"color: #333333; font-family: &quot;Open Sans&quot;, sans-serif; font-size: 15px; list-style: none; text-align: justify;\">\nO presidente Michel Temer (PMDB) desembarcou em Caruaru no in\u00edcio da manh\u00e3 de ontem (09) e seguiu para a barragem de Jucazinho, no munic\u00edpio de Surubim, onde afirmou que o Nordeste \u00e9 prioridade para o Governo Federal e que est\u00e1 liberando 12 milh\u00f5es de reais de um total de 53 milh\u00f5es para as obras de recupera\u00e7\u00e3o e moderniza\u00e7\u00e3o de jucazinho.<\/div>\n","protected":false},"excerpt":{"rendered":"<p>O presidente Michel Temer (PMDB) desembarcou em Caruaru no in\u00edcio da manh\u00e3 de ontem (09) e seguiu para a barragem&hellip;<\/p>\n","protected":false},"author":1,"featured_media":0,"comment_status":"open","ping_status":"open","sticky":false,"template":"","format":"standard","meta":{"footnotes":""},"categories":[1],"tags":[4967,2,3406,10484,6,2895],"class_list":["post-7421","post","type-post","status-publish","format-standard","hentry","category-sem-categoria","tag-barragem-de-jucazinho","tag-blog-do-edvaldo-magalhaes","tag-caruaru","tag-michel-temer-pmdb","tag-noticias","tag-surubim"],"_links":{"self":[{"href":"https:\/\/blogdoedvaldomagalhaes.com.br\/index.php\/wp-json\/wp\/v2\/posts\/7421","targetHints":{"allow":["GET"]}}],"collection":[{"href":"https:\/\/blogdoedvaldomagalhaes.com.br\/index.php\/wp-json\/wp\/v2\/posts"}],"about":[{"href":"https:\/\/blogdoedvaldomagalhaes.com.br\/index.php\/wp-json\/wp\/v2\/types\/post"}],"author":[{"embeddable":true,"href":"https:\/\/blogdoedvaldomagalhaes.com.br\/index.php\/wp-json\/wp\/v2\/users\/1"}],"replies":[{"embeddable":true,"href":"https:\/\/blogdoedvaldomagalhaes.com.br\/index.php\/wp-json\/wp\/v2\/comments?post=7421"}],"version-history":[{"count":1,"href":"https:\/\/blogdoedvaldomagalhaes.com.br\/index.php\/wp-json\/wp\/v2\/posts\/7421\/revisions"}],"predecessor-version":[{"id":14904,"href":"https:\/\/blogdoedvaldomagalhaes.com.br\/index.php\/wp-json\/wp\/v2\/posts\/7421\/revisions\/14904"}],"wp:attachment":[{"href":"https:\/\/blogdoedvaldomagalhaes.com.br\/index.php\/wp-json\/wp\/v2\/media?parent=7421"}],"wp:term":[{"taxonomy":"category","embeddable":true,"href":"https:\/\/blogdoedvaldomagalhaes.com.br\/index.php\/wp-json\/wp\/v2\/categories?post=7421"},{"taxonomy":"post_tag","embeddable":true,"href":"https:\/\/blogdoedvaldomagalhaes.com.br\/index.php\/wp-json\/wp\/v2\/tags?post=7421"}],"curies":[{"name":"wp","href":"https:\/\/api.w.org\/{rel}","templated":true}]}}