{"id":7420,"date":"2016-12-10T13:50:00","date_gmt":"2016-12-10T15:50:00","guid":{"rendered":"http:\/\/blogdoedvaldomagalhaes.com.br\/index.php\/2016\/12\/10\/motociclista-causa-acidente-e-foge\/"},"modified":"2019-02-09T01:09:31","modified_gmt":"2019-02-09T03:09:31","slug":"motociclista-causa-acidente-e-foge","status":"publish","type":"post","link":"https:\/\/blogdoedvaldomagalhaes.com.br\/index.php\/2016\/12\/10\/motociclista-causa-acidente-e-foge\/","title":{"rendered":"Motociclista causa acidente e foge deixando veiculo no local"},"content":{"rendered":"<div class=\"separator\" style=\"clear: both; text-align: center;\">\n<a href=\"https:\/\/2.bp.blogspot.com\/-P3Ix2HOrjyw\/WEwGwQVOhvI\/AAAAAAAALUM\/qwWcu4QnV9w6W-2Og_jLzwZKY1d3OVyFwCLcB\/s1600\/IMG-20161210-WA0050.jpg\" imageanchor=\"1\" style=\"margin-left: 1em; margin-right: 1em;\"><img loading=\"lazy\" decoding=\"async\" border=\"0\" height=\"266\" src=\"http:\/\/blogdoedvaldomagalhaes.com.br\/wp-content\/uploads\/2016\/12\/IMG-20161210-WA0050.jpg\" width=\"400\" \/><\/a><\/div>\n<p><\/p>\n<div class=\"separator\" style=\"clear: both; text-align: center;\">\n<a href=\"https:\/\/4.bp.blogspot.com\/-LbM-WAe8LCc\/WEwGwfCn6oI\/AAAAAAAALUU\/HcGdXOBrow85wbaD9ovjbUoe7HewtozBgCLcB\/s1600\/IMG-20161210-WA0051.jpg\" imageanchor=\"1\" style=\"margin-left: 1em; margin-right: 1em;\"><img loading=\"lazy\" decoding=\"async\" border=\"0\" height=\"266\" src=\"http:\/\/blogdoedvaldomagalhaes.com.br\/wp-content\/uploads\/2016\/12\/IMG-20161210-WA0051.jpg\" width=\"400\" \/><\/a><\/div>\n<p><\/p>\n<div class=\"separator\" style=\"clear: both; text-align: center;\">\n<a href=\"https:\/\/4.bp.blogspot.com\/-oj8bR_HzutM\/WEwGwbdtAHI\/AAAAAAAALUQ\/FEs6GuulHZs2daUIGwxFIg1w4_fzGXmLwCLcB\/s1600\/IMG-20161210-WA0052.jpg\" imageanchor=\"1\" style=\"margin-left: 1em; margin-right: 1em;\"><img loading=\"lazy\" decoding=\"async\" border=\"0\" height=\"266\" src=\"http:\/\/blogdoedvaldomagalhaes.com.br\/wp-content\/uploads\/2016\/12\/IMG-20161210-WA0052.jpg\" width=\"400\" \/><\/a><\/div>\n<p><\/p>\n<div style=\"text-align: justify;\">\nEste acidente ocorreu na manh\u00e3 deste s\u00e1bado (10), nas proximidades da Ponte de Canos, no bairro S\u00e3o Francisco, em Caruaru (PE). Um motociclista n\u00e3o identificado colidiu na traseira de um ve\u00edculo P\u00e1lio e curiosamente ap\u00f3s o acidente o mesmo se evadiu do local em um motot\u00e1xi, abandonando a motocicleta.<\/div>\n","protected":false},"excerpt":{"rendered":"<p>Este acidente ocorreu na manh\u00e3 deste s\u00e1bado (10), nas proximidades da Ponte de Canos, no bairro S\u00e3o Francisco, em Caruaru&hellip;<\/p>\n","protected":false},"author":1,"featured_media":0,"comment_status":"open","ping_status":"open","sticky":false,"template":"","format":"standard","meta":{"footnotes":""},"categories":[1],"tags":[107,2,10481,10482,6,10483],"class_list":["post-7420","post","type-post","status-publish","format-standard","hentry","category-sem-categoria","tag-bairro-sao-francisco","tag-blog-do-edvaldo-magalhaes","tag-caruaru-pe","tag-motociclista-causa-acidente-e-foge-deixando-veiculo-no-local","tag-noticias","tag-ponte-de-canos"],"_links":{"self":[{"href":"https:\/\/blogdoedvaldomagalhaes.com.br\/index.php\/wp-json\/wp\/v2\/posts\/7420","targetHints":{"allow":["GET"]}}],"collection":[{"href":"https:\/\/blogdoedvaldomagalhaes.com.br\/index.php\/wp-json\/wp\/v2\/posts"}],"about":[{"href":"https:\/\/blogdoedvaldomagalhaes.com.br\/index.php\/wp-json\/wp\/v2\/types\/post"}],"author":[{"embeddable":true,"href":"https:\/\/blogdoedvaldomagalhaes.com.br\/index.php\/wp-json\/wp\/v2\/users\/1"}],"replies":[{"embeddable":true,"href":"https:\/\/blogdoedvaldomagalhaes.com.br\/index.php\/wp-json\/wp\/v2\/comments?post=7420"}],"version-history":[{"count":1,"href":"https:\/\/blogdoedvaldomagalhaes.com.br\/index.php\/wp-json\/wp\/v2\/posts\/7420\/revisions"}],"predecessor-version":[{"id":14908,"href":"https:\/\/blogdoedvaldomagalhaes.com.br\/index.php\/wp-json\/wp\/v2\/posts\/7420\/revisions\/14908"}],"wp:attachment":[{"href":"https:\/\/blogdoedvaldomagalhaes.com.br\/index.php\/wp-json\/wp\/v2\/media?parent=7420"}],"wp:term":[{"taxonomy":"category","embeddable":true,"href":"https:\/\/blogdoedvaldomagalhaes.com.br\/index.php\/wp-json\/wp\/v2\/categories?post=7420"},{"taxonomy":"post_tag","embeddable":true,"href":"https:\/\/blogdoedvaldomagalhaes.com.br\/index.php\/wp-json\/wp\/v2\/tags?post=7420"}],"curies":[{"name":"wp","href":"https:\/\/api.w.org\/{rel}","templated":true}]}}