{"id":7417,"date":"2016-12-10T14:48:00","date_gmt":"2016-12-10T16:48:00","guid":{"rendered":"http:\/\/blogdoedvaldomagalhaes.com.br\/index.php\/2016\/12\/10\/morre-mae-de-ex-prefeito-de-caruaru\/"},"modified":"2019-02-09T01:09:34","modified_gmt":"2019-02-09T03:09:34","slug":"morre-mae-de-ex-prefeito-de-caruaru","status":"publish","type":"post","link":"https:\/\/blogdoedvaldomagalhaes.com.br\/index.php\/2016\/12\/10\/morre-mae-de-ex-prefeito-de-caruaru\/","title":{"rendered":"Morre m\u00e3e de ex-prefeito de Caruaru aos 104 anos"},"content":{"rendered":"<div class=\"separator\" style=\"clear: both; text-align: center;\">\n<a href=\"https:\/\/3.bp.blogspot.com\/-RqfBMc-4kWc\/WEwVTAQULuI\/AAAAAAAALVY\/5dGEhtW-Vzwm0kijj70cPV3ts8WxOMKMwCLcB\/s1600\/santinha-nejaim.jpg\" imageanchor=\"1\" style=\"margin-left: 1em; margin-right: 1em;\"><img loading=\"lazy\" decoding=\"async\" border=\"0\" height=\"400\" src=\"http:\/\/blogdoedvaldomagalhaes.com.br\/wp-content\/uploads\/2016\/12\/santinha-nejaim.jpg\" width=\"370\" \/><\/a><\/div>\n<div class=\"separator\" style=\"clear: both; text-align: center;\">\n<\/div>\n<div style=\"background: rgb(255, 255, 255); letter-spacing: -0.02em; line-height: 1.45em; outline: 0px; padding: 0px 0px 1.5em; text-align: justify;\">\nOlindina Ferraz Nejaim, conhecida como Dona Santinha, que tinha 104 anos de idade, faleceu na madrugada deste s\u00e1bado (10) em Recife. Ela era m\u00e3e do&nbsp;j\u00e1&nbsp;falecido&nbsp;Drayton Nejaim,&nbsp;prefeito de Caruaru e deputado estadual, ambos por dois mandatos.<\/div>\n<div style=\"background: rgb(255, 255, 255); letter-spacing: -0.02em; line-height: 1.45em; outline: 0px; padding: 0px 0px 1.5em; text-align: justify;\">\nDona Santinha foi casada com Jayme Nejaim, ex prefeito de Riacho das Almas. O corpo est\u00e1 sendo velado&nbsp;no cemit\u00e9rio Morada da Paz, em Recife, onde ser\u00e1 sepultado \u00e0s 16h.<\/div>\n","protected":false},"excerpt":{"rendered":"<p>Olindina Ferraz Nejaim, conhecida como Dona Santinha, que tinha 104 anos de idade, faleceu na madrugada deste s\u00e1bado (10) em&hellip;<\/p>\n","protected":false},"author":1,"featured_media":0,"comment_status":"open","ping_status":"open","sticky":false,"template":"","format":"standard","meta":{"footnotes":""},"categories":[1],"tags":[2,3406,10473,10474,10475,10476,6,10477,3678],"class_list":["post-7417","post","type-post","status-publish","format-standard","hentry","category-sem-categoria","tag-blog-do-edvaldo-magalhaes","tag-caruaru","tag-dona-santinha","tag-drayton-nejaim","tag-jayme-nejaim","tag-morre-mae-de-ex-prefeito-de-caruaru","tag-noticias","tag-olindina-ferraz-nejaim","tag-riacho-das-almas"],"_links":{"self":[{"href":"https:\/\/blogdoedvaldomagalhaes.com.br\/index.php\/wp-json\/wp\/v2\/posts\/7417","targetHints":{"allow":["GET"]}}],"collection":[{"href":"https:\/\/blogdoedvaldomagalhaes.com.br\/index.php\/wp-json\/wp\/v2\/posts"}],"about":[{"href":"https:\/\/blogdoedvaldomagalhaes.com.br\/index.php\/wp-json\/wp\/v2\/types\/post"}],"author":[{"embeddable":true,"href":"https:\/\/blogdoedvaldomagalhaes.com.br\/index.php\/wp-json\/wp\/v2\/users\/1"}],"replies":[{"embeddable":true,"href":"https:\/\/blogdoedvaldomagalhaes.com.br\/index.php\/wp-json\/wp\/v2\/comments?post=7417"}],"version-history":[{"count":1,"href":"https:\/\/blogdoedvaldomagalhaes.com.br\/index.php\/wp-json\/wp\/v2\/posts\/7417\/revisions"}],"predecessor-version":[{"id":14916,"href":"https:\/\/blogdoedvaldomagalhaes.com.br\/index.php\/wp-json\/wp\/v2\/posts\/7417\/revisions\/14916"}],"wp:attachment":[{"href":"https:\/\/blogdoedvaldomagalhaes.com.br\/index.php\/wp-json\/wp\/v2\/media?parent=7417"}],"wp:term":[{"taxonomy":"category","embeddable":true,"href":"https:\/\/blogdoedvaldomagalhaes.com.br\/index.php\/wp-json\/wp\/v2\/categories?post=7417"},{"taxonomy":"post_tag","embeddable":true,"href":"https:\/\/blogdoedvaldomagalhaes.com.br\/index.php\/wp-json\/wp\/v2\/tags?post=7417"}],"curies":[{"name":"wp","href":"https:\/\/api.w.org\/{rel}","templated":true}]}}