{"id":7416,"date":"2016-12-10T18:44:00","date_gmt":"2016-12-10T20:44:00","guid":{"rendered":"http:\/\/blogdoedvaldomagalhaes.com.br\/index.php\/2016\/12\/10\/jovem-que-estuprava-as-proprias-irmas-e\/"},"modified":"2019-02-09T01:09:35","modified_gmt":"2019-02-09T03:09:35","slug":"jovem-que-estuprava-as-proprias-irmas-e","status":"publish","type":"post","link":"https:\/\/blogdoedvaldomagalhaes.com.br\/index.php\/2016\/12\/10\/jovem-que-estuprava-as-proprias-irmas-e\/","title":{"rendered":"Jovem que estuprava as pr\u00f3prias irm\u00e3s \u00e9 preso e uma delas est\u00e1 gr\u00e1vida"},"content":{"rendered":"<div class=\"separator\" style=\"clear: both; text-align: center;\">\n<a href=\"https:\/\/2.bp.blogspot.com\/-GVjEvI6C1nQ\/WExLg8d0KDI\/AAAAAAAALVo\/_2-Oa4ZaozsDmDt0SpiozwAo7Z0MUoxMQCLcB\/s1600\/preso.jpg\" imageanchor=\"1\" style=\"margin-left: 1em; margin-right: 1em;\"><img loading=\"lazy\" decoding=\"async\" border=\"0\" height=\"300\" src=\"http:\/\/blogdoedvaldomagalhaes.com.br\/wp-content\/uploads\/2016\/12\/preso.jpg\" width=\"400\" \/><\/a><\/div>\n<div class=\"separator\" style=\"clear: both; text-align: center;\">\nFoto: Adielson Galv\u00e3o<\/div>\n<div class=\"separator\" style=\"clear: both; text-align: center;\">\n<\/div>\n<div style=\"margin-bottom: .0001pt; margin: 0cm; text-align: justify;\">\nPoliciais Civis da delegacia de Salo\u00e1, no Agreste de Pernambuco, prenderam nessa<br \/>\nsexta-feira (9), o agricultor&nbsp;<b>Josivaldo da Silva Filho<\/b>, vulgo \u201c<b>Choxo<\/b>\u201d,<br \/>\nde 20 anos. O elemento foi pego por for\u00e7a de mandado de pris\u00e3o e faz<br \/>\nparte da 3\u00aa fase da Opera\u00e7\u00e3o Esfor\u00e7o Geral.&nbsp;Ele \u00e9 acusado de espancar,<br \/>\namea\u00e7ar e abusar sexualmente das irm\u00e3s desde quando elas&nbsp;tinham 7 e 8 anos de idade, hoje com 11 e 12 anos, respectivamente, e os estupros continuavam, estando uma delas gravida<br \/>\ndo pr\u00f3prio irm\u00e3o. De acordo com a pol\u00edcia, os abusos foram descobertos por uma<br \/>\nirm\u00e3 mais velha que denunciou o caso ao conselho tutelar e Pol\u00edcia Civil.<\/div>\n<div style=\"margin-bottom: .0001pt; margin: 0cm; text-align: justify;\">\n<\/div>\n<div style=\"margin: 0cm 0cm 0.0001pt; text-align: justify;\">\n<\/div>\n<p><\/p>\n<div style=\"margin: 0cm 0cm 0.0001pt; text-align: justify;\">\nA Opera\u00e7\u00e3o foi coordenada pelo delegado&nbsp;<b>Alysson C\u00e2mara<\/b>,<br \/>\npara realizar a pris\u00e3o, os&nbsp; agentes se passaram por fazendeiros que<br \/>\nqueriam comprar palmas na propriedade rural onde o elemento trabalhava,<br \/>\nJosivaldo n\u00e3o teve tempo de reagir e acabou preso, ele foi levado a delegacia<br \/>\nde onde foi recolhido a cadeia p\u00fablica de Salo\u00e1.<\/div>\n","protected":false},"excerpt":{"rendered":"<p>Foto: Adielson Galv\u00e3o Policiais Civis da delegacia de Salo\u00e1, no Agreste de Pernambuco, prenderam nessa sexta-feira (9), o agricultor&nbsp;Josivaldo da&hellip;<\/p>\n","protected":false},"author":1,"featured_media":0,"comment_status":"open","ping_status":"open","sticky":false,"template":"","format":"standard","meta":{"footnotes":""},"categories":[1],"tags":[2,10470,10471,13,10472],"class_list":["post-7416","post","type-post","status-publish","format-standard","hentry","category-sem-categoria","tag-blog-do-edvaldo-magalhaes","tag-jovem-que-estuprava-as-proprias-irmas-e-preso-e-uma-delas-esta-gravida","tag-operacao-esforco-geral","tag-policial","tag-saloa"],"_links":{"self":[{"href":"https:\/\/blogdoedvaldomagalhaes.com.br\/index.php\/wp-json\/wp\/v2\/posts\/7416","targetHints":{"allow":["GET"]}}],"collection":[{"href":"https:\/\/blogdoedvaldomagalhaes.com.br\/index.php\/wp-json\/wp\/v2\/posts"}],"about":[{"href":"https:\/\/blogdoedvaldomagalhaes.com.br\/index.php\/wp-json\/wp\/v2\/types\/post"}],"author":[{"embeddable":true,"href":"https:\/\/blogdoedvaldomagalhaes.com.br\/index.php\/wp-json\/wp\/v2\/users\/1"}],"replies":[{"embeddable":true,"href":"https:\/\/blogdoedvaldomagalhaes.com.br\/index.php\/wp-json\/wp\/v2\/comments?post=7416"}],"version-history":[{"count":1,"href":"https:\/\/blogdoedvaldomagalhaes.com.br\/index.php\/wp-json\/wp\/v2\/posts\/7416\/revisions"}],"predecessor-version":[{"id":14918,"href":"https:\/\/blogdoedvaldomagalhaes.com.br\/index.php\/wp-json\/wp\/v2\/posts\/7416\/revisions\/14918"}],"wp:attachment":[{"href":"https:\/\/blogdoedvaldomagalhaes.com.br\/index.php\/wp-json\/wp\/v2\/media?parent=7416"}],"wp:term":[{"taxonomy":"category","embeddable":true,"href":"https:\/\/blogdoedvaldomagalhaes.com.br\/index.php\/wp-json\/wp\/v2\/categories?post=7416"},{"taxonomy":"post_tag","embeddable":true,"href":"https:\/\/blogdoedvaldomagalhaes.com.br\/index.php\/wp-json\/wp\/v2\/tags?post=7416"}],"curies":[{"name":"wp","href":"https:\/\/api.w.org\/{rel}","templated":true}]}}