{"id":74130,"date":"2021-08-31T13:20:32","date_gmt":"2021-08-31T16:20:32","guid":{"rendered":"https:\/\/blogdoedvaldomagalhaes.com.br\/?p=74130"},"modified":"2021-08-31T13:20:33","modified_gmt":"2021-08-31T16:20:33","slug":"1a-dose-mais-de-60-da-populacao-total-bezerrense-foi-vacinada-contra-a-covid-19","status":"publish","type":"post","link":"https:\/\/blogdoedvaldomagalhaes.com.br\/index.php\/2021\/08\/31\/1a-dose-mais-de-60-da-populacao-total-bezerrense-foi-vacinada-contra-a-covid-19\/","title":{"rendered":"1\u00aa dose: Mais de 60% da popula\u00e7\u00e3o total bezerrense foi vacinada contra a covid-19"},"content":{"rendered":"<p style=\"text-align: justify;\">A Secretaria de Sa\u00fade de Bezerros divulgou um balan\u00e7o parcial da campanha de vacina\u00e7\u00e3o contra a Covid-19 no munic\u00edpio. Segundo a pasta, mais de 60% da popula\u00e7\u00e3o total bezerrense j\u00e1 foi imunizada, com ao menos uma dose contra o Coronav\u00edrus. At\u00e9 a \u00faltima segunda-feira (30), o munic\u00edpio j\u00e1 havia realizado a aplica\u00e7\u00e3o de 49.705 doses do total, sendo que destas, 36.664 pessoas foram vacinadas com a primeira dose, outras 12.625 pessoas com a primeira e segunda dose e 416 pessoas imunizadas com dose \u00fanica.<\/p>\n<p>Pelos dados, o n\u00famero de pessoas que receberam a primeira dose representa 60.22% da popula\u00e7\u00e3o total do munic\u00edpio, que \u00e9 de aproximadamente 60.880 mil habitantes, de acordo com a previs\u00e3o estimada pelo Instituto Brasileiro de Geografia e Estat\u00edstica \u2013 IBGE no \u00faltimo censo (2010). Em comparativo com os n\u00fameros nacionais e estaduais sobre aplica\u00e7\u00e3o da primeira dose, Bezerros fica atr\u00e1s apenas do Brasil, que registra 60.95% de vacinados, enquanto o estado de Pernambuco est\u00e1 com 56.64%, segundo levantamento do Cons\u00f3rcio de Ve\u00edculos de Imprensa.<\/p>\n<p>Atualmente, o munic\u00edpio est\u00e1 vacinando pessoas a partir dos 18 anos de idade sem comorbidades, e acima de 12 anos com comorbidades. Quem faz parte desses grupos priorit\u00e1rios j\u00e1 pode receber o imunizante contra o Coronav\u00edrus. O agendamento pr\u00e9vio deve ser feito pelo aplicativo \u201cVacina Bezerros\u201d ou site\u00a0<a href=\"http:\/\/www.vacinabezerros.imunizape.com.br\/\" target=\"_blank\" rel=\"noopener noreferrer\" data-saferedirecturl=\"https:\/\/www.google.com\/url?q=http:\/\/www.vacinabezerros.imunizape.com.br&amp;source=gmail&amp;ust=1630512741665000&amp;usg=AFQjCNHKF558idvSu8LeWieSxppu_bVKWg\">www.vacinabezerros.imunizape.<wbr \/>com.br<\/a>.<\/p>\n<div style=\"text-align: justify;\"><\/div>\n<div style=\"text-align: justify;\">Texto: Gabriel Galv\u00e3o.<br \/>\nFoto: Moyra Ferreira.<\/div>\n","protected":false},"excerpt":{"rendered":"<p>A Secretaria de Sa\u00fade de Bezerros divulgou um balan\u00e7o parcial da campanha de vacina\u00e7\u00e3o contra a Covid-19 no munic\u00edpio. Segundo&hellip;<\/p>\n","protected":false},"author":1,"featured_media":74131,"comment_status":"open","ping_status":"open","sticky":false,"template":"","format":"standard","meta":{"footnotes":""},"categories":[14120],"tags":[22657,2,19532,16754,19670],"class_list":["post-74130","post","type-post","status-publish","format-standard","has-post-thumbnail","hentry","category-noticias","tag-1a-dose-mais-de-60-da-populacao-total-bezerrense-foi-vacinada-contra-a-covid-19","tag-blog-do-edvaldo-magalhaes","tag-blog-mais-acessado-e-visualizado-de-caruaru-e-regiao","tag-noticia-de-caruaru","tag-novo-coronavirus"],"_links":{"self":[{"href":"https:\/\/blogdoedvaldomagalhaes.com.br\/index.php\/wp-json\/wp\/v2\/posts\/74130","targetHints":{"allow":["GET"]}}],"collection":[{"href":"https:\/\/blogdoedvaldomagalhaes.com.br\/index.php\/wp-json\/wp\/v2\/posts"}],"about":[{"href":"https:\/\/blogdoedvaldomagalhaes.com.br\/index.php\/wp-json\/wp\/v2\/types\/post"}],"author":[{"embeddable":true,"href":"https:\/\/blogdoedvaldomagalhaes.com.br\/index.php\/wp-json\/wp\/v2\/users\/1"}],"replies":[{"embeddable":true,"href":"https:\/\/blogdoedvaldomagalhaes.com.br\/index.php\/wp-json\/wp\/v2\/comments?post=74130"}],"version-history":[{"count":1,"href":"https:\/\/blogdoedvaldomagalhaes.com.br\/index.php\/wp-json\/wp\/v2\/posts\/74130\/revisions"}],"predecessor-version":[{"id":74132,"href":"https:\/\/blogdoedvaldomagalhaes.com.br\/index.php\/wp-json\/wp\/v2\/posts\/74130\/revisions\/74132"}],"wp:featuredmedia":[{"embeddable":true,"href":"https:\/\/blogdoedvaldomagalhaes.com.br\/index.php\/wp-json\/wp\/v2\/media\/74131"}],"wp:attachment":[{"href":"https:\/\/blogdoedvaldomagalhaes.com.br\/index.php\/wp-json\/wp\/v2\/media?parent=74130"}],"wp:term":[{"taxonomy":"category","embeddable":true,"href":"https:\/\/blogdoedvaldomagalhaes.com.br\/index.php\/wp-json\/wp\/v2\/categories?post=74130"},{"taxonomy":"post_tag","embeddable":true,"href":"https:\/\/blogdoedvaldomagalhaes.com.br\/index.php\/wp-json\/wp\/v2\/tags?post=74130"}],"curies":[{"name":"wp","href":"https:\/\/api.w.org\/{rel}","templated":true}]}}